{"id":11197,"date":"2021-01-11T19:40:22","date_gmt":"2021-01-11T22:40:22","guid":{"rendered":"http:\/\/www.centraldenoticias.com.ar\/?p=11197"},"modified":"2021-01-12T08:59:00","modified_gmt":"2021-01-12T11:59:00","slug":"violento-choque-entre-motos-una-persona-resulto-herida-de-gravedad","status":"publish","type":"post","link":"https:\/\/cdnoticias.com\/index.php\/2021\/01\/11\/violento-choque-entre-motos-una-persona-resulto-herida-de-gravedad\/","title":{"rendered":"Violento choque entre motos: una persona result\u00f3 herida de gravedad"},"content":{"rendered":"<p>Ocurri\u00f3 en Pringles y Buchardo. Dos personas fueron trasladadas al Hospital Municipal \u201cDr. H\u00e9ctor Cura\u201d, una de ellas con lesiones graves.<!--more--><\/p>\n<hr \/>\n<p>Durante la tarde de este lunes se produjo un fuerte accidente en <strong>avenida Pringles y Buchardo, en cercan\u00edas del Club Ferro.<\/strong><\/p>\n<p>&nbsp;<\/p>\n<p>Por causas que se tratan de establecer<strong> chocaron una moto Gilera Smash y una Yamaha.<\/strong><\/p>\n<p>&nbsp;<\/p>\n<p><img data-recalc-dims=\"1\" loading=\"lazy\" decoding=\"async\" class=\"alignnone size-large wp-image-11199\" src=\"https:\/\/i0.wp.com\/cdnoticias.com\/wp-content\/uploads\/2021\/01\/accidente-pringles-buchardo3.jpg?resize=800%2C600&#038;ssl=1\" alt=\"\" width=\"800\" height=\"600\" srcset=\"https:\/\/i0.wp.com\/cdnoticias.com\/wp-content\/uploads\/2021\/01\/accidente-pringles-buchardo3.jpg?resize=1024%2C768&amp;ssl=1 1024w, https:\/\/i0.wp.com\/cdnoticias.com\/wp-content\/uploads\/2021\/01\/accidente-pringles-buchardo3.jpg?resize=300%2C225&amp;ssl=1 300w, https:\/\/i0.wp.com\/cdnoticias.com\/wp-content\/uploads\/2021\/01\/accidente-pringles-buchardo3.jpg?resize=768%2C576&amp;ssl=1 768w, https:\/\/i0.wp.com\/cdnoticias.com\/wp-content\/uploads\/2021\/01\/accidente-pringles-buchardo3.jpg?w=1152&amp;ssl=1 1152w\" sizes=\"auto, (max-width: 800px) 100vw, 800px\" \/><\/p>\n<p>&nbsp;<\/p>\n<p><img data-recalc-dims=\"1\" loading=\"lazy\" decoding=\"async\" class=\"alignnone size-large wp-image-11201\" src=\"https:\/\/i0.wp.com\/cdnoticias.com\/wp-content\/uploads\/2021\/01\/accidente-pringles-buchardo1.jpg?resize=800%2C600&#038;ssl=1\" alt=\"\" width=\"800\" height=\"600\" srcset=\"https:\/\/i0.wp.com\/cdnoticias.com\/wp-content\/uploads\/2021\/01\/accidente-pringles-buchardo1.jpg?resize=1024%2C768&amp;ssl=1 1024w, https:\/\/i0.wp.com\/cdnoticias.com\/wp-content\/uploads\/2021\/01\/accidente-pringles-buchardo1.jpg?resize=300%2C225&amp;ssl=1 300w, https:\/\/i0.wp.com\/cdnoticias.com\/wp-content\/uploads\/2021\/01\/accidente-pringles-buchardo1.jpg?resize=768%2C576&amp;ssl=1 768w, https:\/\/i0.wp.com\/cdnoticias.com\/wp-content\/uploads\/2021\/01\/accidente-pringles-buchardo1.jpg?w=1152&amp;ssl=1 1152w\" sizes=\"auto, (max-width: 800px) 100vw, 800px\" \/><\/p>\n<p>&nbsp;<\/p>\n<p>Producto del impacto <strong>dos personas debieron ser trasladadas al Hospital Municipal \u201cDr. H\u00e9ctor Cura\u201d.<\/strong><\/p>\n<p>&nbsp;<\/p>\n<p>Seg\u00fan se indic\u00f3 en primera instancia desde el centro de salud, <strong>una de ellas ingres\u00f3 con heridas graves, en tanto, la otra persona sufri\u00f3 heridas leves.<\/strong><\/p>\n<p>&nbsp;<\/p>\n<p>Personal policial trabaja en el lugar para realizar tareas de rigor.<\/p>\n","protected":false},"excerpt":{"rendered":"<p>Ocurri\u00f3 en Pringles y Buchardo. Dos personas fueron trasladadas al Hospital Municipal \u201cDr. H\u00e9ctor Cura\u201d, una de ellas con lesiones<\/p>\n","protected":false},"author":5,"featured_media":11203,"comment_status":"closed","ping_status":"closed","sticky":false,"template":"","format":"standard","meta":{"_jetpack_memberships_contains_paid_content":false,"footnotes":""},"categories":[14,1],"tags":[],"class_list":["post-11197","post","type-post","status-publish","format-standard","has-post-thumbnail","hentry","category-policiales","category-portada"],"jetpack_featured_media_url":"https:\/\/i0.wp.com\/cdnoticias.com\/wp-content\/uploads\/2021\/01\/accidente-pringles-buchardo2-1.jpg?fit=1152%2C864&ssl=1","jetpack_sharing_enabled":true,"_links":{"self":[{"href":"https:\/\/cdnoticias.com\/index.php\/wp-json\/wp\/v2\/posts\/11197","targetHints":{"allow":["GET"]}}],"collection":[{"href":"https:\/\/cdnoticias.com\/index.php\/wp-json\/wp\/v2\/posts"}],"about":[{"href":"https:\/\/cdnoticias.com\/index.php\/wp-json\/wp\/v2\/types\/post"}],"author":[{"embeddable":true,"href":"https:\/\/cdnoticias.com\/index.php\/wp-json\/wp\/v2\/users\/5"}],"replies":[{"embeddable":true,"href":"https:\/\/cdnoticias.com\/index.php\/wp-json\/wp\/v2\/comments?post=11197"}],"version-history":[{"count":0,"href":"https:\/\/cdnoticias.com\/index.php\/wp-json\/wp\/v2\/posts\/11197\/revisions"}],"wp:featuredmedia":[{"embeddable":true,"href":"https:\/\/cdnoticias.com\/index.php\/wp-json\/wp\/v2\/media\/11203"}],"wp:attachment":[{"href":"https:\/\/cdnoticias.com\/index.php\/wp-json\/wp\/v2\/media?parent=11197"}],"wp:term":[{"taxonomy":"category","embeddable":true,"href":"https:\/\/cdnoticias.com\/index.php\/wp-json\/wp\/v2\/categories?post=11197"},{"taxonomy":"post_tag","embeddable":true,"href":"https:\/\/cdnoticias.com\/index.php\/wp-json\/wp\/v2\/tags?post=11197"}],"curies":[{"name":"wp","href":"https:\/\/api.w.org\/{rel}","templated":true}]}}