{"id":111946,"date":"2024-03-22T17:10:14","date_gmt":"2024-03-22T20:10:14","guid":{"rendered":"https:\/\/cdnoticias.com\/?p=111946"},"modified":"2024-03-22T17:10:16","modified_gmt":"2024-03-22T20:10:16","slug":"se-suspendio-la-nueva-edicion-de-atardecer-de-feria","status":"publish","type":"post","link":"https:\/\/cdnoticias.com\/index.php\/2024\/03\/22\/se-suspendio-la-nueva-edicion-de-atardecer-de-feria\/","title":{"rendered":"Se suspendi\u00f3 la nueva edici\u00f3n de \u201cAtardecer de Feria\u201d"},"content":{"rendered":"\n<p>La feria se iba a realizar este viernes y la nueva fecha ser\u00e1 anunciada pr\u00f3ximamente.<\/p>\n\n\n\n<hr class=\"wp-block-separator aligncenter has-alpha-channel-opacity\"\/>\n\n\n\n<p>El Municipio de Olavarr\u00eda, a trav\u00e9s de la Coordinaci\u00f3n de Econom\u00eda Popular de la Secretar\u00eda de Desarrollo Econ\u00f3mico y Productivo, inform\u00f3 que <strong>se suspendi\u00f3 la nueva edici\u00f3n de Atardecer de Feria<\/strong> que hab\u00eda sido convocada para este <strong>viernes 22 de marzo.<\/strong><\/p>\n\n\n\n<p><\/p>\n\n\n\n<blockquote class=\"wp-block-quote is-layout-flow wp-block-quote-is-layout-flow\">\n<p>Desde el \u00e1rea se expres\u00f3 que la nueva fecha ser\u00e1 comunicada pr\u00f3ximamente.<\/p>\n<\/blockquote>\n\n\n\n<p><\/p>\n\n\n\n<p>La propuesta tiene como objetivo acompa\u00f1ar a emprendedores y emprendedoras de Olavarr\u00eda, como as\u00ed tambi\u00e9n promover la circulaci\u00f3n de productos y la generaci\u00f3n de empleo.<\/p>\n","protected":false},"excerpt":{"rendered":"<p>La feria se iba a realizar este viernes y la nueva fecha ser\u00e1 anunciada pr\u00f3ximamente. El Municipio de Olavarr\u00eda, a<\/p>\n","protected":false},"author":6,"featured_media":108797,"comment_status":"closed","ping_status":"closed","sticky":false,"template":"","format":"standard","meta":{"_jetpack_memberships_contains_paid_content":false,"footnotes":""},"categories":[9,1],"tags":[],"class_list":["post-111946","post","type-post","status-publish","format-standard","has-post-thumbnail","hentry","category-cultura","category-portada"],"jetpack_featured_media_url":"https:\/\/i0.wp.com\/cdnoticias.com\/wp-content\/uploads\/2024\/02\/atardecer-de-feria-segunda-edicion-3.jpg?fit=1000%2C556&ssl=1","jetpack_sharing_enabled":true,"_links":{"self":[{"href":"https:\/\/cdnoticias.com\/index.php\/wp-json\/wp\/v2\/posts\/111946","targetHints":{"allow":["GET"]}}],"collection":[{"href":"https:\/\/cdnoticias.com\/index.php\/wp-json\/wp\/v2\/posts"}],"about":[{"href":"https:\/\/cdnoticias.com\/index.php\/wp-json\/wp\/v2\/types\/post"}],"author":[{"embeddable":true,"href":"https:\/\/cdnoticias.com\/index.php\/wp-json\/wp\/v2\/users\/6"}],"replies":[{"embeddable":true,"href":"https:\/\/cdnoticias.com\/index.php\/wp-json\/wp\/v2\/comments?post=111946"}],"version-history":[{"count":0,"href":"https:\/\/cdnoticias.com\/index.php\/wp-json\/wp\/v2\/posts\/111946\/revisions"}],"wp:featuredmedia":[{"embeddable":true,"href":"https:\/\/cdnoticias.com\/index.php\/wp-json\/wp\/v2\/media\/108797"}],"wp:attachment":[{"href":"https:\/\/cdnoticias.com\/index.php\/wp-json\/wp\/v2\/media?parent=111946"}],"wp:term":[{"taxonomy":"category","embeddable":true,"href":"https:\/\/cdnoticias.com\/index.php\/wp-json\/wp\/v2\/categories?post=111946"},{"taxonomy":"post_tag","embeddable":true,"href":"https:\/\/cdnoticias.com\/index.php\/wp-json\/wp\/v2\/tags?post=111946"}],"curies":[{"name":"wp","href":"https:\/\/api.w.org\/{rel}","templated":true}]}}