{"id":11189,"date":"2021-01-11T17:52:01","date_gmt":"2021-01-11T20:52:01","guid":{"rendered":"http:\/\/www.centraldenoticias.com.ar\/?p=11189"},"modified":"2021-01-11T17:52:01","modified_gmt":"2021-01-11T20:52:01","slug":"los-casos-tuvieron-una-suba-considerable-90-positivos-de-covid","status":"publish","type":"post","link":"https:\/\/cdnoticias.com\/index.php\/2021\/01\/11\/los-casos-tuvieron-una-suba-considerable-90-positivos-de-covid\/","title":{"rendered":"Los casos tuvieron una suba considerable: 90 positivos de COVID"},"content":{"rendered":"<p>As\u00ed lo confirmaron desde el Municipio este lunes. En paralelo, descartaron 159 hisopados y hubo 41 altas<!--more--><\/p>\n<hr \/>\n<p>En la jornada de este lunes,<strong> el Municipio inform\u00f3 un importante crecimiento en los casos de COVID con la confirmaci\u00f3n de 90 nuevos positivos de la enfermedad.<\/strong><\/p>\n<p>&nbsp;<\/p>\n<blockquote><p>Con una jornada de alt\u00edsimo testeo, se descartaron 159 hisopados y, adem\u00e1s, se dieron de alta a 41 pacientes. En total, hay 328 casos activos en el Partido de Olavarr\u00eda.<\/p><\/blockquote>\n<p>&nbsp;<\/p>\n<p>En el <strong>RTA llevado a cabo por la ma\u00f1ana en el Hospital Municipal, cabe se\u00f1alar que de los 91 testeos, 22 fueron positivos y 69 negativos.<\/strong><\/p>\n<p>&nbsp;<\/p>\n<p><img data-recalc-dims=\"1\" loading=\"lazy\" decoding=\"async\" class=\"alignnone size-full wp-image-11190\" src=\"https:\/\/i0.wp.com\/cdnoticias.com\/wp-content\/uploads\/2021\/01\/WhatsApp-Image-2021-01-11-at-17.44.05.jpeg?resize=800%2C800&#038;ssl=1\" alt=\"\" width=\"800\" height=\"800\" srcset=\"https:\/\/i0.wp.com\/cdnoticias.com\/wp-content\/uploads\/2021\/01\/WhatsApp-Image-2021-01-11-at-17.44.05.jpeg?w=1200&amp;ssl=1 1200w, https:\/\/i0.wp.com\/cdnoticias.com\/wp-content\/uploads\/2021\/01\/WhatsApp-Image-2021-01-11-at-17.44.05.jpeg?resize=150%2C150&amp;ssl=1 150w, https:\/\/i0.wp.com\/cdnoticias.com\/wp-content\/uploads\/2021\/01\/WhatsApp-Image-2021-01-11-at-17.44.05.jpeg?resize=300%2C300&amp;ssl=1 300w, https:\/\/i0.wp.com\/cdnoticias.com\/wp-content\/uploads\/2021\/01\/WhatsApp-Image-2021-01-11-at-17.44.05.jpeg?resize=768%2C768&amp;ssl=1 768w, https:\/\/i0.wp.com\/cdnoticias.com\/wp-content\/uploads\/2021\/01\/WhatsApp-Image-2021-01-11-at-17.44.05.jpeg?resize=1024%2C1024&amp;ssl=1 1024w\" sizes=\"auto, (max-width: 800px) 100vw, 800px\" \/><\/p>\n<p>&nbsp;<\/p>\n<p>En materia de ocupaci\u00f3n hospitalaria, <strong>tres pacientes se encuentran internados en la Unidad de Terapia Intensiva del Hospital Municipal \u201cDr. H\u00e9ctor Cura\u201d y 9 lo hacen en Cl\u00ednica Covid.<\/strong> Por el momento no se encuentran pacientes internados en pediatr\u00eda con Covid-19.<\/p>\n<p>&nbsp;<\/p>\n<p><img data-recalc-dims=\"1\" loading=\"lazy\" decoding=\"async\" class=\"alignnone size-full wp-image-11191\" src=\"https:\/\/i0.wp.com\/cdnoticias.com\/wp-content\/uploads\/2021\/01\/WhatsApp-Image-2021-01-11-at-17.44.06.jpeg?resize=800%2C800&#038;ssl=1\" alt=\"\" width=\"800\" height=\"800\" srcset=\"https:\/\/i0.wp.com\/cdnoticias.com\/wp-content\/uploads\/2021\/01\/WhatsApp-Image-2021-01-11-at-17.44.06.jpeg?w=1200&amp;ssl=1 1200w, https:\/\/i0.wp.com\/cdnoticias.com\/wp-content\/uploads\/2021\/01\/WhatsApp-Image-2021-01-11-at-17.44.06.jpeg?resize=150%2C150&amp;ssl=1 150w, https:\/\/i0.wp.com\/cdnoticias.com\/wp-content\/uploads\/2021\/01\/WhatsApp-Image-2021-01-11-at-17.44.06.jpeg?resize=300%2C300&amp;ssl=1 300w, https:\/\/i0.wp.com\/cdnoticias.com\/wp-content\/uploads\/2021\/01\/WhatsApp-Image-2021-01-11-at-17.44.06.jpeg?resize=768%2C768&amp;ssl=1 768w, https:\/\/i0.wp.com\/cdnoticias.com\/wp-content\/uploads\/2021\/01\/WhatsApp-Image-2021-01-11-at-17.44.06.jpeg?resize=1024%2C1024&amp;ssl=1 1024w\" sizes=\"auto, (max-width: 800px) 100vw, 800px\" \/><\/p>\n<p>&nbsp;<\/p>\n<p>Desde la cartera sanitaria se inform\u00f3 que <strong>los casos positivos de la jornada son de personal policial, del servicio penitenciario y nexos epidemiol\u00f3gicos<\/strong> de personas diagnosticadas en d\u00edas anteriores.<\/p>\n","protected":false},"excerpt":{"rendered":"<p>As\u00ed lo confirmaron desde el Municipio este lunes. En paralelo, descartaron 159 hisopados y hubo 41 altas<\/p>\n","protected":false},"author":2,"featured_media":4552,"comment_status":"closed","ping_status":"closed","sticky":false,"template":"","format":"standard","meta":{"_jetpack_memberships_contains_paid_content":false,"footnotes":""},"categories":[5,1],"tags":[],"class_list":["post-11189","post","type-post","status-publish","format-standard","has-post-thumbnail","hentry","category-informacion-general","category-portada"],"jetpack_featured_media_url":"https:\/\/i0.wp.com\/cdnoticias.com\/wp-content\/uploads\/2020\/10\/Salud-Testeos-Intensivos-T6-CIC-3.jpg?fit=1181%2C787&ssl=1","jetpack_sharing_enabled":true,"_links":{"self":[{"href":"https:\/\/cdnoticias.com\/index.php\/wp-json\/wp\/v2\/posts\/11189","targetHints":{"allow":["GET"]}}],"collection":[{"href":"https:\/\/cdnoticias.com\/index.php\/wp-json\/wp\/v2\/posts"}],"about":[{"href":"https:\/\/cdnoticias.com\/index.php\/wp-json\/wp\/v2\/types\/post"}],"author":[{"embeddable":true,"href":"https:\/\/cdnoticias.com\/index.php\/wp-json\/wp\/v2\/users\/2"}],"replies":[{"embeddable":true,"href":"https:\/\/cdnoticias.com\/index.php\/wp-json\/wp\/v2\/comments?post=11189"}],"version-history":[{"count":0,"href":"https:\/\/cdnoticias.com\/index.php\/wp-json\/wp\/v2\/posts\/11189\/revisions"}],"wp:featuredmedia":[{"embeddable":true,"href":"https:\/\/cdnoticias.com\/index.php\/wp-json\/wp\/v2\/media\/4552"}],"wp:attachment":[{"href":"https:\/\/cdnoticias.com\/index.php\/wp-json\/wp\/v2\/media?parent=11189"}],"wp:term":[{"taxonomy":"category","embeddable":true,"href":"https:\/\/cdnoticias.com\/index.php\/wp-json\/wp\/v2\/categories?post=11189"},{"taxonomy":"post_tag","embeddable":true,"href":"https:\/\/cdnoticias.com\/index.php\/wp-json\/wp\/v2\/tags?post=11189"}],"curies":[{"name":"wp","href":"https:\/\/api.w.org\/{rel}","templated":true}]}}