{"id":111857,"date":"2024-03-20T17:33:30","date_gmt":"2024-03-20T20:33:30","guid":{"rendered":"https:\/\/cdnoticias.com\/?p=111857"},"modified":"2024-03-20T19:22:50","modified_gmt":"2024-03-20T22:22:50","slug":"interceptaron-a-un-hombre-en-una-moto-sin-documentacion-era-robada","status":"publish","type":"post","link":"https:\/\/cdnoticias.com\/index.php\/2024\/03\/20\/interceptaron-a-un-hombre-en-una-moto-sin-documentacion-era-robada\/","title":{"rendered":"Interceptaron a un hombre en una moto sin documentaci\u00f3n: era robada"},"content":{"rendered":"\n<p>El hecho se produjo en Calle 118 y 25 de Mayo. La moto hab\u00eda sido robada en febrero. El motociclista, durante el procedimiento, se fug\u00f3 a pie. <\/p>\n\n\n\n<hr class=\"wp-block-separator aligncenter has-alpha-channel-opacity\"\/>\n\n\n\n<p>El pasado lunes, <strong>personal de Polic\u00eda Local intercept\u00f3 a un hombre que circulaba en una moto sin papeles que, al cruzar su informaci\u00f3n, detectaron que era robada.<\/strong><\/p>\n\n\n\n<p>El hecho se produjo en<strong> 25 de Mayo y Calle 118<\/strong>, cuando efectivos policiales <strong>pidieron documentaci\u00f3n al motociclista. La respuesta fue que carec\u00eda de papeles, por lo que procedieron a buscar el n\u00famero de motor y chasis de la Zanella 150cc.<\/strong><\/p>\n\n\n\n<p>Tras el entrecruzamiento de datos,<strong> detectaron que ten\u00eda un pedido de secuestro activo por un hurto en febrero, con la intervenci\u00f3n de la Ayudant\u00eda Fiscal de Autores Ignorados.<\/strong><\/p>\n\n\n\n<p>Mientras se realizaba todo el procedimiento, <strong>el conductor de la moto se dio a la fuga hacia el interior del barrio \u201cno siendo alcanzado\u201d.<\/strong><\/p>\n\n\n\n<p>El veh\u00edculo fue secuestrado y trasladado a la Comisar\u00eda Primera para realizar tareas de peritaje y tratar de resolver el robo.<\/p>\n","protected":false},"excerpt":{"rendered":"<p>El hecho se produjo en Calle 118 y 25 de Mayo. La moto hab\u00eda sido robada en febrero. El motociclista,<\/p>\n","protected":false},"author":2,"featured_media":111858,"comment_status":"closed","ping_status":"closed","sticky":false,"template":"","format":"standard","meta":{"_jetpack_memberships_contains_paid_content":false,"footnotes":""},"categories":[14,1],"tags":[],"class_list":["post-111857","post","type-post","status-publish","format-standard","has-post-thumbnail","hentry","category-policiales","category-portada"],"jetpack_featured_media_url":"https:\/\/i0.wp.com\/cdnoticias.com\/wp-content\/uploads\/2024\/03\/Diseno-sin-titulo-6.jpg?fit=800%2C480&ssl=1","jetpack_sharing_enabled":true,"_links":{"self":[{"href":"https:\/\/cdnoticias.com\/index.php\/wp-json\/wp\/v2\/posts\/111857","targetHints":{"allow":["GET"]}}],"collection":[{"href":"https:\/\/cdnoticias.com\/index.php\/wp-json\/wp\/v2\/posts"}],"about":[{"href":"https:\/\/cdnoticias.com\/index.php\/wp-json\/wp\/v2\/types\/post"}],"author":[{"embeddable":true,"href":"https:\/\/cdnoticias.com\/index.php\/wp-json\/wp\/v2\/users\/2"}],"replies":[{"embeddable":true,"href":"https:\/\/cdnoticias.com\/index.php\/wp-json\/wp\/v2\/comments?post=111857"}],"version-history":[{"count":0,"href":"https:\/\/cdnoticias.com\/index.php\/wp-json\/wp\/v2\/posts\/111857\/revisions"}],"wp:featuredmedia":[{"embeddable":true,"href":"https:\/\/cdnoticias.com\/index.php\/wp-json\/wp\/v2\/media\/111858"}],"wp:attachment":[{"href":"https:\/\/cdnoticias.com\/index.php\/wp-json\/wp\/v2\/media?parent=111857"}],"wp:term":[{"taxonomy":"category","embeddable":true,"href":"https:\/\/cdnoticias.com\/index.php\/wp-json\/wp\/v2\/categories?post=111857"},{"taxonomy":"post_tag","embeddable":true,"href":"https:\/\/cdnoticias.com\/index.php\/wp-json\/wp\/v2\/tags?post=111857"}],"curies":[{"name":"wp","href":"https:\/\/api.w.org\/{rel}","templated":true}]}}