{"id":11185,"date":"2021-01-11T17:11:01","date_gmt":"2021-01-11T20:11:01","guid":{"rendered":"http:\/\/www.centraldenoticias.com.ar\/?p=11185"},"modified":"2021-01-11T17:11:01","modified_gmt":"2021-01-11T20:11:01","slug":"por-la-campana-de-vacunacion-reestructuran-el-ingreso-al-hospital-municipal","status":"publish","type":"post","link":"https:\/\/cdnoticias.com\/index.php\/2021\/01\/11\/por-la-campana-de-vacunacion-reestructuran-el-ingreso-al-hospital-municipal\/","title":{"rendered":"Por la campa\u00f1a de vacunaci\u00f3n, reestructuran el ingreso al Hospital Municipal"},"content":{"rendered":"<p>Los espacios de ingreso al centro de salud fueron modificados a partir del inicio de la aplicaci\u00f3n de las vacunas contra el Covid-19.<!--more--><\/p>\n<hr \/>\n<p>La Direcci\u00f3n del Hospital Municipal \u201cDr. H\u00e9ctor Cura\u201d inform\u00f3 que, debido al comienzo de la campa\u00f1a de vacunaci\u00f3n de Sputnik V, se han <strong>reestructurado los ingresos al nosocomio.<\/strong><\/p>\n<p>&nbsp;<\/p>\n<p>Es as\u00ed que <strong>el espacio en el que funcionaba la guardia antiguamente (entrada por calle Alsina), ser\u00e1 solamente utilizado para la aplicaci\u00f3n de vacunas<\/strong> y por all\u00ed acceder\u00e1 el personal de salud que requiera la vacunaci\u00f3n. La misma se realizar\u00e1 de lunes a viernes en el horario de 8 a 15.<\/p>\n<p>&nbsp;<\/p>\n<p>En este sentido se especific\u00f3 que <strong>por avenida Sarmiento ingresar\u00e1n las personas que concurran a la farmacia, como as\u00ed tambi\u00e9n a los consultorios externos.<\/strong><\/p>\n","protected":false},"excerpt":{"rendered":"<p>Los espacios de ingreso al centro de salud fueron modificados a partir del inicio de la aplicaci\u00f3n de las vacunas<\/p>\n","protected":false},"author":5,"featured_media":1001,"comment_status":"closed","ping_status":"closed","sticky":false,"template":"","format":"standard","meta":{"_jetpack_memberships_contains_paid_content":false,"footnotes":""},"categories":[5,1],"tags":[],"class_list":["post-11185","post","type-post","status-publish","format-standard","has-post-thumbnail","hentry","category-informacion-general","category-portada"],"jetpack_featured_media_url":"https:\/\/i0.wp.com\/cdnoticias.com\/wp-content\/uploads\/2020\/09\/HospitalMunicipal02.jpg?fit=4608%2C3072&ssl=1","jetpack_sharing_enabled":true,"_links":{"self":[{"href":"https:\/\/cdnoticias.com\/index.php\/wp-json\/wp\/v2\/posts\/11185","targetHints":{"allow":["GET"]}}],"collection":[{"href":"https:\/\/cdnoticias.com\/index.php\/wp-json\/wp\/v2\/posts"}],"about":[{"href":"https:\/\/cdnoticias.com\/index.php\/wp-json\/wp\/v2\/types\/post"}],"author":[{"embeddable":true,"href":"https:\/\/cdnoticias.com\/index.php\/wp-json\/wp\/v2\/users\/5"}],"replies":[{"embeddable":true,"href":"https:\/\/cdnoticias.com\/index.php\/wp-json\/wp\/v2\/comments?post=11185"}],"version-history":[{"count":0,"href":"https:\/\/cdnoticias.com\/index.php\/wp-json\/wp\/v2\/posts\/11185\/revisions"}],"wp:featuredmedia":[{"embeddable":true,"href":"https:\/\/cdnoticias.com\/index.php\/wp-json\/wp\/v2\/media\/1001"}],"wp:attachment":[{"href":"https:\/\/cdnoticias.com\/index.php\/wp-json\/wp\/v2\/media?parent=11185"}],"wp:term":[{"taxonomy":"category","embeddable":true,"href":"https:\/\/cdnoticias.com\/index.php\/wp-json\/wp\/v2\/categories?post=11185"},{"taxonomy":"post_tag","embeddable":true,"href":"https:\/\/cdnoticias.com\/index.php\/wp-json\/wp\/v2\/tags?post=11185"}],"curies":[{"name":"wp","href":"https:\/\/api.w.org\/{rel}","templated":true}]}}