{"id":111849,"date":"2024-03-20T11:49:33","date_gmt":"2024-03-20T14:49:33","guid":{"rendered":"https:\/\/cdnoticias.com\/?p=111849"},"modified":"2024-03-20T17:35:25","modified_gmt":"2024-03-20T20:35:25","slug":"lo-buscaban-en-una-causa-por-robo-y-fue-atrapado-por-la-policia","status":"publish","type":"post","link":"https:\/\/cdnoticias.com\/index.php\/2024\/03\/20\/lo-buscaban-en-una-causa-por-robo-y-fue-atrapado-por-la-policia\/","title":{"rendered":"Lo buscaban en una causa por robo y fue atrapado por la polic\u00eda"},"content":{"rendered":"<p>Personal del Comando de Patrullas lo intercept\u00f3 en ruta nacional 226 y Rivadavia. Ten\u00eda un pedido de paradero activo desde octubre de 2023.<!--more--><\/p>\n<hr \/>\n<p>Durante la jornada del martes, efectivos del Comando de Patrullas en el marco de tareas de patrullajes, identificaron a un<strong> joven de 27 a\u00f1os<\/strong> que ten\u00eda un <strong>pedido de paradero activo.<\/strong><\/p>\n<blockquote><p>Seg\u00fan se indic\u00f3 la medida hab\u00eda sido solicitada por el Juzgado de Garant\u00edas N\u00b0 2 de Olavarr\u00eda en una causa por robo que se remonta a octubre de 2023.<\/p><\/blockquote>\n<p>El joven fue interceptado por el personal policial en <strong>ruta nacional 226 y Rivadavia<\/strong> y fue trasladado a la dependencia policial para cumplimentar las actuaciones de rigor.<\/p>\n","protected":false},"excerpt":{"rendered":"<p>Personal del Comando de Patrullas lo intercept\u00f3 en ruta nacional 226 y Rivadavia. Ten\u00eda un pedido de paradero activo desde<\/p>\n","protected":false},"author":2,"featured_media":111850,"comment_status":"closed","ping_status":"closed","sticky":false,"template":"","format":"standard","meta":{"_jetpack_memberships_contains_paid_content":false,"footnotes":""},"categories":[14,1],"tags":[],"class_list":["post-111849","post","type-post","status-publish","format-standard","has-post-thumbnail","hentry","category-policiales","category-portada"],"jetpack_featured_media_url":"https:\/\/i0.wp.com\/cdnoticias.com\/wp-content\/uploads\/2024\/03\/pedido-paradero-robo.jpg?fit=800%2C445&ssl=1","jetpack_sharing_enabled":true,"_links":{"self":[{"href":"https:\/\/cdnoticias.com\/index.php\/wp-json\/wp\/v2\/posts\/111849","targetHints":{"allow":["GET"]}}],"collection":[{"href":"https:\/\/cdnoticias.com\/index.php\/wp-json\/wp\/v2\/posts"}],"about":[{"href":"https:\/\/cdnoticias.com\/index.php\/wp-json\/wp\/v2\/types\/post"}],"author":[{"embeddable":true,"href":"https:\/\/cdnoticias.com\/index.php\/wp-json\/wp\/v2\/users\/2"}],"replies":[{"embeddable":true,"href":"https:\/\/cdnoticias.com\/index.php\/wp-json\/wp\/v2\/comments?post=111849"}],"version-history":[{"count":0,"href":"https:\/\/cdnoticias.com\/index.php\/wp-json\/wp\/v2\/posts\/111849\/revisions"}],"wp:featuredmedia":[{"embeddable":true,"href":"https:\/\/cdnoticias.com\/index.php\/wp-json\/wp\/v2\/media\/111850"}],"wp:attachment":[{"href":"https:\/\/cdnoticias.com\/index.php\/wp-json\/wp\/v2\/media?parent=111849"}],"wp:term":[{"taxonomy":"category","embeddable":true,"href":"https:\/\/cdnoticias.com\/index.php\/wp-json\/wp\/v2\/categories?post=111849"},{"taxonomy":"post_tag","embeddable":true,"href":"https:\/\/cdnoticias.com\/index.php\/wp-json\/wp\/v2\/tags?post=111849"}],"curies":[{"name":"wp","href":"https:\/\/api.w.org\/{rel}","templated":true}]}}