{"id":111832,"date":"2024-03-20T08:22:18","date_gmt":"2024-03-20T11:22:18","guid":{"rendered":"https:\/\/cdnoticias.com\/?p=111832"},"modified":"2024-03-20T08:22:21","modified_gmt":"2024-03-20T11:22:21","slug":"jose-salustiano-hernandez-pepe-q-e-p-d","status":"publish","type":"post","link":"https:\/\/cdnoticias.com\/index.php\/2024\/03\/20\/jose-salustiano-hernandez-pepe-q-e-p-d\/","title":{"rendered":"Jos\u00e9 Salustiano Hern\u00e1ndez \u201cPepe\u201d (Q.E.P.D.)"},"content":{"rendered":"<p>Falleci\u00f3 en Olavarr\u00eda el 19 de marzo de 2024 a los 67 a\u00f1os de edad. Su esposa Rosa, sus hijos Jos\u00e9 Mar\u00eda, Mar\u00eda Jos\u00e9 y Gisele, sus hijos pol\u00edticos Mirta y Jos\u00e9 Luis, sus nietos Maia, Teo, Tomas y Bautista, sus hermanas Lucy, Paty y M\u00f3nica, su mam\u00e1 Fresia, sus sobrinos y dem\u00e1s deudos participan su fallecimiento. <\/p>\n<p>Sus restos no ser\u00e1n velados y ser\u00e1n cremados en Crematorio Pinos de Paz este mi\u00e9rcoles 20 de marzo a las 17:00. Servicio adherido a Coopelectric. Vecino de barrio Isaura. Nacido en Chile. Jubilado.  <\/p>\n","protected":false},"excerpt":{"rendered":"<p>Falleci\u00f3 en Olavarr\u00eda el 19 de marzo de 2024 a los 67 a\u00f1os de edad. Su esposa Rosa, sus hijos<\/p>\n","protected":false},"author":2,"featured_media":100390,"comment_status":"closed","ping_status":"closed","sticky":false,"template":"","format":"standard","meta":{"_jetpack_memberships_contains_paid_content":false,"footnotes":""},"categories":[10],"tags":[],"class_list":["post-111832","post","type-post","status-publish","format-standard","has-post-thumbnail","hentry","category-necrologicas"],"jetpack_featured_media_url":"https:\/\/i0.wp.com\/cdnoticias.com\/wp-content\/uploads\/2023\/10\/necrologicas-390-x-240.jpg?fit=390%2C240&ssl=1","jetpack_sharing_enabled":true,"_links":{"self":[{"href":"https:\/\/cdnoticias.com\/index.php\/wp-json\/wp\/v2\/posts\/111832","targetHints":{"allow":["GET"]}}],"collection":[{"href":"https:\/\/cdnoticias.com\/index.php\/wp-json\/wp\/v2\/posts"}],"about":[{"href":"https:\/\/cdnoticias.com\/index.php\/wp-json\/wp\/v2\/types\/post"}],"author":[{"embeddable":true,"href":"https:\/\/cdnoticias.com\/index.php\/wp-json\/wp\/v2\/users\/2"}],"replies":[{"embeddable":true,"href":"https:\/\/cdnoticias.com\/index.php\/wp-json\/wp\/v2\/comments?post=111832"}],"version-history":[{"count":0,"href":"https:\/\/cdnoticias.com\/index.php\/wp-json\/wp\/v2\/posts\/111832\/revisions"}],"wp:featuredmedia":[{"embeddable":true,"href":"https:\/\/cdnoticias.com\/index.php\/wp-json\/wp\/v2\/media\/100390"}],"wp:attachment":[{"href":"https:\/\/cdnoticias.com\/index.php\/wp-json\/wp\/v2\/media?parent=111832"}],"wp:term":[{"taxonomy":"category","embeddable":true,"href":"https:\/\/cdnoticias.com\/index.php\/wp-json\/wp\/v2\/categories?post=111832"},{"taxonomy":"post_tag","embeddable":true,"href":"https:\/\/cdnoticias.com\/index.php\/wp-json\/wp\/v2\/tags?post=111832"}],"curies":[{"name":"wp","href":"https:\/\/api.w.org\/{rel}","templated":true}]}}