{"id":111829,"date":"2024-03-20T08:17:38","date_gmt":"2024-03-20T11:17:38","guid":{"rendered":"https:\/\/cdnoticias.com\/?p=111829"},"modified":"2024-03-20T08:17:41","modified_gmt":"2024-03-20T11:17:41","slug":"una-tormenta-con-vientos-huracanados-dejo-grandes-destrozos-en-9-de-julio","status":"publish","type":"post","link":"https:\/\/cdnoticias.com\/index.php\/2024\/03\/20\/una-tormenta-con-vientos-huracanados-dejo-grandes-destrozos-en-9-de-julio\/","title":{"rendered":"Una tormenta con vientos huracanados dej\u00f3 grandes destrozos en 9 de Julio"},"content":{"rendered":"<p>Se trat\u00f3 de una \u201csupercelda\u201d. Resultaron afectados fuertemente el aut\u00f3dromo y el aeroclub local.<!--more--><\/p>\n<hr \/>\n<p>Una fuerte tormenta, con vientos de gran velocidad, gener\u00f3 durante la tarde del martes grandes <strong>destrozos en el distrito de 9 de Julio, afectando al aut\u00f3dromo y al aeroclub local.<\/strong><\/p>\n<p>Seg\u00fan se\u00f1al\u00f3 el portal local Cadena Nueve, la tormenta se desat\u00f3 pasadas las 14 horas del mi\u00e9rcoles con <strong>lluvias torrenciales, vientos huracanados y ca\u00edda de granizo.<\/strong><\/p>\n<blockquote class=\"twitter-tweet\" data-width=\"550\" data-dnt=\"true\">\n<p lang=\"es\" dir=\"ltr\">Triste noticia: un tornado arras\u00f3 con los boxes del Aut\u00f3dromo de 9 de Julio. <a href=\"https:\/\/t.co\/5GjfqXAah3\">pic.twitter.com\/5GjfqXAah3<\/a><\/p>\n<p>&mdash; Motores 1270 \ud83c\udde6\ud83c\uddf7\ud83c\udfc1 (@MotoresRadio) <a href=\"https:\/\/twitter.com\/MotoresRadio\/status\/1770166765131022511?ref_src=twsrc%5Etfw\">March 19, 2024<\/a><\/p><\/blockquote>\n<p><script async src=\"https:\/\/platform.twitter.com\/widgets.js\" charset=\"utf-8\"><\/script><\/p>\n<p>En este marco, se registraron <strong>voladuras de techos y otros destrozos en distintas construcciones.<\/strong> Entre otras estructuras, resultaron da\u00f1adas el tradicional <strong>aut\u00f3dromo local y el aeroclub<\/strong>, seg\u00fan reportaron distintos usuarios en las redes sociales.<\/p>\n<p>Desde el Servicio Meteorol\u00f3gico Nacional (SMN) se\u00f1alaron que el temporal en cuesti\u00f3n es una<strong> \u201csupercelda\u201d<\/strong>. Se trata de una <strong>tormenta en rotaci\u00f3n que puede durar varias horas y que es propensa a producir tornados y granizo de gran tama\u00f1o.<\/strong><\/p>\n<p><em>Fuente: DIB.<\/em><\/p>\n","protected":false},"excerpt":{"rendered":"<p>Se trat\u00f3 de una \u201csupercelda\u201d. Resultaron afectados fuertemente el aut\u00f3dromo y el aeroclub local.<\/p>\n","protected":false},"author":2,"featured_media":111830,"comment_status":"closed","ping_status":"closed","sticky":false,"template":"","format":"standard","meta":{"_jetpack_memberships_contains_paid_content":false,"footnotes":""},"categories":[6,1],"tags":[],"class_list":["post-111829","post","type-post","status-publish","format-standard","has-post-thumbnail","hentry","category-nacionales","category-portada"],"jetpack_featured_media_url":"https:\/\/i0.wp.com\/cdnoticias.com\/wp-content\/uploads\/2024\/03\/autodromo-9dejulio.jpg?fit=800%2C445&ssl=1","jetpack_sharing_enabled":true,"_links":{"self":[{"href":"https:\/\/cdnoticias.com\/index.php\/wp-json\/wp\/v2\/posts\/111829","targetHints":{"allow":["GET"]}}],"collection":[{"href":"https:\/\/cdnoticias.com\/index.php\/wp-json\/wp\/v2\/posts"}],"about":[{"href":"https:\/\/cdnoticias.com\/index.php\/wp-json\/wp\/v2\/types\/post"}],"author":[{"embeddable":true,"href":"https:\/\/cdnoticias.com\/index.php\/wp-json\/wp\/v2\/users\/2"}],"replies":[{"embeddable":true,"href":"https:\/\/cdnoticias.com\/index.php\/wp-json\/wp\/v2\/comments?post=111829"}],"version-history":[{"count":0,"href":"https:\/\/cdnoticias.com\/index.php\/wp-json\/wp\/v2\/posts\/111829\/revisions"}],"wp:featuredmedia":[{"embeddable":true,"href":"https:\/\/cdnoticias.com\/index.php\/wp-json\/wp\/v2\/media\/111830"}],"wp:attachment":[{"href":"https:\/\/cdnoticias.com\/index.php\/wp-json\/wp\/v2\/media?parent=111829"}],"wp:term":[{"taxonomy":"category","embeddable":true,"href":"https:\/\/cdnoticias.com\/index.php\/wp-json\/wp\/v2\/categories?post=111829"},{"taxonomy":"post_tag","embeddable":true,"href":"https:\/\/cdnoticias.com\/index.php\/wp-json\/wp\/v2\/tags?post=111829"}],"curies":[{"name":"wp","href":"https:\/\/api.w.org\/{rel}","templated":true}]}}