{"id":111825,"date":"2024-03-20T07:47:11","date_gmt":"2024-03-20T10:47:11","guid":{"rendered":"https:\/\/cdnoticias.com\/?p=111825"},"modified":"2024-03-20T07:47:13","modified_gmt":"2024-03-20T10:47:13","slug":"por-el-alerta-naranja-sin-clases-en-la-unicen","status":"publish","type":"post","link":"https:\/\/cdnoticias.com\/index.php\/2024\/03\/20\/por-el-alerta-naranja-sin-clases-en-la-unicen\/","title":{"rendered":"Por el alerta naranja, sin clases en la UNICEN"},"content":{"rendered":"<p>Rige para los establecimientos universitarios de Azul y Olavarr\u00eda. Se aplicar\u00e1 durante la ma\u00f1ana de este mi\u00e9rcoles.<!--more--><\/p>\n<hr \/>\n<p>Por el <a href=\"https:\/\/cdnoticias.com\/index.php\/2024\/03\/19\/mas-avisos-el-servicio-meteorologico-nacional-anuncio-alerta-naranja-para-olavarria-este-miercoles\/\" target=\"_blank\" rel=\"noopener\">alerta naranja por tormentas<\/a> que emiti\u00f3 el Servicio Meteorol\u00f3gico Nacional (SMN) para las ciudades de Azul y Olavarr\u00eda, desde el rectorado de la UNICEN se tom\u00f3 la decisi\u00f3n de suspender las clases y actividades.<\/p>\n<p>La medida alcanza a los<strong> establecimientos preuniversitarios, facultades y dependencias de rectorado<\/strong> de dichas sedes de la UNICEN en el<strong> turno ma\u00f1ana<\/strong> de este mi\u00e9rcoles 20 de marzo.<\/p>\n<p>Respecto a lo que suceda durante el<strong> turno tarde<\/strong>, ser\u00e1 informado durante la jornada.<\/p>\n<blockquote class=\"wp-embedded-content\" data-secret=\"7Eqa5whbZD\"><p><a href=\"https:\/\/cdnoticias.com\/index.php\/2024\/03\/19\/por-el-alerta-naranja-no-habra-clases-este-miercoles-en-turno-manana-en-olavarria\/\">Por el alerta naranja, no habr\u00e1 clases este mi\u00e9rcoles en turno ma\u00f1ana en Olavarr\u00eda<\/a><\/p><\/blockquote>\n<p><iframe loading=\"lazy\" class=\"wp-embedded-content\" sandbox=\"allow-scripts\" security=\"restricted\" style=\"position: absolute; clip: rect(1px, 1px, 1px, 1px);\" title=\"&#8220;Por el alerta naranja, no habr\u00e1 clases este mi\u00e9rcoles en turno ma\u00f1ana en Olavarr\u00eda&#8221; &#8212; Central de Noticias | Olavarr\u00eda\" src=\"https:\/\/cdnoticias.com\/index.php\/2024\/03\/19\/por-el-alerta-naranja-no-habra-clases-este-miercoles-en-turno-manana-en-olavarria\/embed\/#?secret=ok5RwlY4DD#?secret=7Eqa5whbZD\" data-secret=\"7Eqa5whbZD\" width=\"600\" height=\"338\" frameborder=\"0\" marginwidth=\"0\" marginheight=\"0\" scrolling=\"no\"><\/iframe><\/p>\n","protected":false},"excerpt":{"rendered":"<p>Rige para los establecimientos universitarios de Azul y Olavarr\u00eda. Se aplicar\u00e1 durante la ma\u00f1ana de este mi\u00e9rcoles.<\/p>\n","protected":false},"author":2,"featured_media":95696,"comment_status":"closed","ping_status":"closed","sticky":false,"template":"","format":"standard","meta":{"_jetpack_memberships_contains_paid_content":false,"footnotes":""},"categories":[5,1],"tags":[],"class_list":["post-111825","post","type-post","status-publish","format-standard","has-post-thumbnail","hentry","category-informacion-general","category-portada"],"jetpack_featured_media_url":"https:\/\/i0.wp.com\/cdnoticias.com\/wp-content\/uploads\/2023\/09\/tomenta-lluvia-08.jpg?fit=800%2C445&ssl=1","jetpack_sharing_enabled":true,"_links":{"self":[{"href":"https:\/\/cdnoticias.com\/index.php\/wp-json\/wp\/v2\/posts\/111825","targetHints":{"allow":["GET"]}}],"collection":[{"href":"https:\/\/cdnoticias.com\/index.php\/wp-json\/wp\/v2\/posts"}],"about":[{"href":"https:\/\/cdnoticias.com\/index.php\/wp-json\/wp\/v2\/types\/post"}],"author":[{"embeddable":true,"href":"https:\/\/cdnoticias.com\/index.php\/wp-json\/wp\/v2\/users\/2"}],"replies":[{"embeddable":true,"href":"https:\/\/cdnoticias.com\/index.php\/wp-json\/wp\/v2\/comments?post=111825"}],"version-history":[{"count":0,"href":"https:\/\/cdnoticias.com\/index.php\/wp-json\/wp\/v2\/posts\/111825\/revisions"}],"wp:featuredmedia":[{"embeddable":true,"href":"https:\/\/cdnoticias.com\/index.php\/wp-json\/wp\/v2\/media\/95696"}],"wp:attachment":[{"href":"https:\/\/cdnoticias.com\/index.php\/wp-json\/wp\/v2\/media?parent=111825"}],"wp:term":[{"taxonomy":"category","embeddable":true,"href":"https:\/\/cdnoticias.com\/index.php\/wp-json\/wp\/v2\/categories?post=111825"},{"taxonomy":"post_tag","embeddable":true,"href":"https:\/\/cdnoticias.com\/index.php\/wp-json\/wp\/v2\/tags?post=111825"}],"curies":[{"name":"wp","href":"https:\/\/api.w.org\/{rel}","templated":true}]}}