{"id":111809,"date":"2024-03-19T19:19:23","date_gmt":"2024-03-19T22:19:23","guid":{"rendered":"https:\/\/cdnoticias.com\/?p=111809"},"modified":"2024-03-19T22:06:49","modified_gmt":"2024-03-20T01:06:49","slug":"mas-avisos-el-servicio-meteorologico-nacional-anuncio-alerta-naranja-para-olavarria-este-miercoles","status":"publish","type":"post","link":"https:\/\/cdnoticias.com\/index.php\/2024\/03\/19\/mas-avisos-el-servicio-meteorologico-nacional-anuncio-alerta-naranja-para-olavarria-este-miercoles\/","title":{"rendered":"M\u00e1s avisos: el Servicio Meteorol\u00f3gico Nacional anunci\u00f3 \u201calerta naranja\u201d para Olavarr\u00eda este mi\u00e9rcoles"},"content":{"rendered":"\n<p>Ser\u00eda en horas de la tarde, coincidente con un alerta amarilla por vientos fuertes. El alerta amarilla por tormentas para la noche de este martes se sostiene.<\/p>\n\n\n\n<hr class=\"wp-block-separator aligncenter has-alpha-channel-opacity\"\/>\n\n\n\n<p>Actualizado a las 17:33 horas de este martes, <strong>Olavarr\u00eda ahora enfrenta m\u00faltiples alertas por tormentas y vientos: seg\u00fan el Servicio Meteorol\u00f3gico Nacional, hay alerta amarilla por tormentas para la noche de este martes, la madrugada y ma\u00f1ana del mi\u00e9rcoles, y alerta naranja para el mi\u00e9rcoles por la tarde.<\/strong><\/p>\n\n\n\n<p>A esto se suma una<strong> alerta amarilla por vientos durante la tarde del mi\u00e9rcoles y hasta la noche.<\/strong><\/p>\n\n\n\n<figure class=\"wp-block-image size-large\"><img data-recalc-dims=\"1\" loading=\"lazy\" decoding=\"async\" width=\"800\" height=\"564\" src=\"https:\/\/i0.wp.com\/cdnoticias.com\/wp-content\/uploads\/2024\/03\/WhatsApp-Image-2024-03-19-at-19.12.41.jpeg?resize=800%2C564&#038;ssl=1\" alt=\"\" class=\"wp-image-111810\" srcset=\"https:\/\/i0.wp.com\/cdnoticias.com\/wp-content\/uploads\/2024\/03\/WhatsApp-Image-2024-03-19-at-19.12.41.jpeg?resize=1024%2C722&amp;ssl=1 1024w, https:\/\/i0.wp.com\/cdnoticias.com\/wp-content\/uploads\/2024\/03\/WhatsApp-Image-2024-03-19-at-19.12.41.jpeg?resize=300%2C211&amp;ssl=1 300w, https:\/\/i0.wp.com\/cdnoticias.com\/wp-content\/uploads\/2024\/03\/WhatsApp-Image-2024-03-19-at-19.12.41.jpeg?resize=768%2C541&amp;ssl=1 768w, https:\/\/i0.wp.com\/cdnoticias.com\/wp-content\/uploads\/2024\/03\/WhatsApp-Image-2024-03-19-at-19.12.41.jpeg?w=1080&amp;ssl=1 1080w\" sizes=\"auto, (max-width: 800px) 100vw, 800px\" \/><\/figure>\n\n\n\n<p>En principio, el alerta amarillo <em>\u201cser\u00e1 afectada por tormentas, algunas localmente fuertes. Las mismas podr\u00e1n estar acompa\u00f1adas por r\u00e1fagas intensas, importante actividad el\u00e9ctrica, ocasional ca\u00edda de granizo y principalmente abundante ca\u00edda de agua en cortos per\u00edodos\u201d.<\/em><\/p>\n\n\n\n<p><em><strong>\u201cSe estiman valores de precipitaci\u00f3n acumulada entre 50 y 70 mm, pudiendo ser superados en forma puntual\u201d.<\/strong><\/em><\/p>\n\n\n\n<p>Con respecto a<strong> la alerta naranja, el \u00e1rea continuar\u00e1 afectada por lluvias y tormentas <em>\u201calgunas localmente fuertes o severas. Las mismas estar\u00e1n acompa\u00f1adas principalmente por ca\u00edda de granizo, muy fuerte actividad el\u00e9ctrica, r\u00e1fagas intensas que podr\u00edan superar los 90km\/h, y abundante ca\u00edda de agua en cortos per\u00edodos\u201d.<\/em><\/strong><\/p>\n\n\n\n<p>En este sentido<strong>, se estiman valores de precipitaci\u00f3n acumulada entre 50 y 90 mm<\/strong>, pudiendo \u201cser superados en forma puntual\u201d.<\/p>\n\n\n\n<figure class=\"wp-block-embed is-type-wp-embed is-provider-central-de-noticias-olavarr-a wp-block-embed-central-de-noticias-olavarr-a\"><div class=\"wp-block-embed__wrapper\">\n<blockquote class=\"wp-embedded-content\" data-secret=\"Vpq1EcuwME\"><a href=\"https:\/\/cdnoticias.com\/index.php\/2024\/03\/19\/lluvias-en-olavarria-son-mas-de-240-familias-a-las-cuales-se-les-esta-brindando-ayuda\/\">Lluvias en Olavarr\u00eda: \u201cson m\u00e1s de 240 familias a las cuales se les est\u00e1 brindando ayuda\u201d<\/a><\/blockquote><iframe loading=\"lazy\" class=\"wp-embedded-content\" sandbox=\"allow-scripts\" security=\"restricted\" style=\"position: absolute; clip: rect(1px, 1px, 1px, 1px);\" title=\"&#8220;Lluvias en Olavarr\u00eda: \u201cson m\u00e1s de 240 familias a las cuales se les est\u00e1 brindando ayuda\u201d&#8221; &#8212; Central de Noticias | Olavarr\u00eda\" src=\"https:\/\/cdnoticias.com\/index.php\/2024\/03\/19\/lluvias-en-olavarria-son-mas-de-240-familias-a-las-cuales-se-les-esta-brindando-ayuda\/embed\/#?secret=hYuMQkiWlW#?secret=Vpq1EcuwME\" data-secret=\"Vpq1EcuwME\" width=\"600\" height=\"338\" frameborder=\"0\" marginwidth=\"0\" marginheight=\"0\" scrolling=\"no\"><\/iframe>\n<\/div><\/figure>\n\n\n\n<p>Con respecto a los vientos,<em><strong> \u201cel \u00e1rea ser\u00e1 afectada por vientos del sector sur con velocidades entre 40 y 60 km\/h, y r\u00e1fagas que pueden superar los 90 km\/h\u201d.<\/strong><\/em><\/p>\n\n\n\n<p>Cabe se\u00f1alar que mediante el sistema de alerta temprana, <strong>los alertas rigen tanto para Olavarr\u00eda como para las ciudades de Laprida y La Madrid.<\/strong><\/p>\n\n\n\n<p>Todo esto se da en un contexto muy complejo para la ciudad luego de<strong> los 116 mil\u00edmetros ca\u00eddos en Olavarr\u00eda durante la madrugada del lunes, que dej\u00f3 m\u00faltiples complicaciones y anegamientos en la ciudad y las localidades.<\/strong><\/p>\n","protected":false},"excerpt":{"rendered":"<p>Ser\u00eda en horas de la tarde, coincidente con un alerta amarilla por vientos fuertes. El alerta amarilla por tormentas para<\/p>\n","protected":false},"author":2,"featured_media":111670,"comment_status":"closed","ping_status":"closed","sticky":false,"template":"","format":"standard","meta":{"_jetpack_memberships_contains_paid_content":false,"footnotes":""},"categories":[5,1],"tags":[],"class_list":["post-111809","post","type-post","status-publish","format-standard","has-post-thumbnail","hentry","category-informacion-general","category-portada"],"jetpack_featured_media_url":"https:\/\/i0.wp.com\/cdnoticias.com\/wp-content\/uploads\/2024\/03\/alerta-tormenta-lluvia-olavarria1-scaled.jpg?fit=2560%2C1424&ssl=1","jetpack_sharing_enabled":true,"_links":{"self":[{"href":"https:\/\/cdnoticias.com\/index.php\/wp-json\/wp\/v2\/posts\/111809","targetHints":{"allow":["GET"]}}],"collection":[{"href":"https:\/\/cdnoticias.com\/index.php\/wp-json\/wp\/v2\/posts"}],"about":[{"href":"https:\/\/cdnoticias.com\/index.php\/wp-json\/wp\/v2\/types\/post"}],"author":[{"embeddable":true,"href":"https:\/\/cdnoticias.com\/index.php\/wp-json\/wp\/v2\/users\/2"}],"replies":[{"embeddable":true,"href":"https:\/\/cdnoticias.com\/index.php\/wp-json\/wp\/v2\/comments?post=111809"}],"version-history":[{"count":0,"href":"https:\/\/cdnoticias.com\/index.php\/wp-json\/wp\/v2\/posts\/111809\/revisions"}],"wp:featuredmedia":[{"embeddable":true,"href":"https:\/\/cdnoticias.com\/index.php\/wp-json\/wp\/v2\/media\/111670"}],"wp:attachment":[{"href":"https:\/\/cdnoticias.com\/index.php\/wp-json\/wp\/v2\/media?parent=111809"}],"wp:term":[{"taxonomy":"category","embeddable":true,"href":"https:\/\/cdnoticias.com\/index.php\/wp-json\/wp\/v2\/categories?post=111809"},{"taxonomy":"post_tag","embeddable":true,"href":"https:\/\/cdnoticias.com\/index.php\/wp-json\/wp\/v2\/tags?post=111809"}],"curies":[{"name":"wp","href":"https:\/\/api.w.org\/{rel}","templated":true}]}}