{"id":11180,"date":"2021-01-11T16:51:52","date_gmt":"2021-01-11T19:51:52","guid":{"rendered":"http:\/\/www.centraldenoticias.com.ar\/?p=11180"},"modified":"2021-01-11T16:55:24","modified_gmt":"2021-01-11T19:55:24","slug":"acuerdo-entre-loma-negra-y-claro-para-mejorar-la-conectividad-en-la-zona","status":"publish","type":"post","link":"https:\/\/cdnoticias.com\/index.php\/2021\/01\/11\/acuerdo-entre-loma-negra-y-claro-para-mejorar-la-conectividad-en-la-zona\/","title":{"rendered":"Acuerdo entre Loma Negra y Claro para mejorar la conectividad en la zona"},"content":{"rendered":"<p>Reemplazaron las antenas de telefon\u00eda 2G para brindar servicio 4G. Alcanza al ecosistema de Loma Negra y se extiende a un radio de hasta 5 kil\u00f3metros.<!--more--><\/p>\n<hr \/>\n<p>Ambas compa\u00f1\u00edas firmaron un acuerdo para <strong>mejorar la infraestructura de la red en las plantas Olavarr\u00eda y L\u2019Amal\u00ed, actualizando sitios para brindar servicio 4G,<\/strong> reemplazando las antenas de telefon\u00eda 2G.<\/p>\n<p>&nbsp;<\/p>\n<p>Las nuevas antenas de la compa\u00f1\u00eda estar\u00e1n ubicadas <strong>sobre los silos de las plantas de Loma Negra.<\/strong><\/p>\n<p>&nbsp;<\/p>\n<blockquote><p>La empresa cementera proveer\u00e1 la energ\u00eda para su funcionamiento, mientras que la de telecomunicaciones fue la responsable de invertir en la obra civil y en el equipamiento, estimado en $30.000.000.<\/p><\/blockquote>\n<p>&nbsp;<\/p>\n<p>El nuevo sitio LTE \/ 4G <strong>proveer\u00e1 conectividad a todo el ecosistema de Loma Negra, incluyendo: colaboradores, proveedores y clientes, pero tambi\u00e9n a las afueras de la ciudad de Olavarr\u00eda<\/strong>, dado que su cobertura se extiende a un radio de hasta 5 kil\u00f3metros aproximadamente.<\/p>\n<p>&nbsp;<\/p>\n<p><em>\u201cPara nosotros significa un salto tecnol\u00f3gico que mejorar\u00e1 inmensamente las comunicaciones y potenciar\u00e1 la sinergia con nuestros aliados e implica seguir apostando por el municipio\u201d<\/em>, coment\u00f3 el <strong>CEO de Loma Negra, Sergio Faifman.<\/strong><\/p>\n<p>&nbsp;<\/p>\n<p>Por su parte, <strong>Gustavo Saucedo, Director Comercial Mercado Empresa de Claro<\/strong>, asegur\u00f3: <em>\u201cEstamos dando un enorme paso hacia la modernizaci\u00f3n y federalizaci\u00f3n de los servicios de telecomunicaciones, llegando a miles de ciudadanos con soluciones que permiten una optimizaci\u00f3n de los recursos, mejoras en los tiempos y mejor funcionamiento de la tecnolog\u00eda. A su vez, estas nuevas capacidades impulsan los futuros desarrollos conjuntos basados en IoT y otros servicios, que incrementan la operatoria diaria de Loma Negra\u201d<\/em>.<\/p>\n<p>&nbsp;<\/p>\n<p>Seg\u00fan se inform\u00f3, <strong>los sitios ya se encuentran funcionando y operando<\/strong> desde fines de 2020.<\/p>\n","protected":false},"excerpt":{"rendered":"<p>Reemplazaron las antenas de telefon\u00eda 2G para brindar servicio 4G. Alcanza al ecosistema de Loma Negra y se extiende a<\/p>\n","protected":false},"author":5,"featured_media":11183,"comment_status":"closed","ping_status":"closed","sticky":false,"template":"","format":"standard","meta":{"_jetpack_memberships_contains_paid_content":false,"footnotes":""},"categories":[5,1],"tags":[],"class_list":["post-11180","post","type-post","status-publish","format-standard","has-post-thumbnail","hentry","category-informacion-general","category-portada"],"jetpack_featured_media_url":"https:\/\/i0.wp.com\/cdnoticias.com\/wp-content\/uploads\/2021\/01\/Loma-Negra-Claro-1.jpeg?fit=1000%2C800&ssl=1","jetpack_sharing_enabled":true,"_links":{"self":[{"href":"https:\/\/cdnoticias.com\/index.php\/wp-json\/wp\/v2\/posts\/11180","targetHints":{"allow":["GET"]}}],"collection":[{"href":"https:\/\/cdnoticias.com\/index.php\/wp-json\/wp\/v2\/posts"}],"about":[{"href":"https:\/\/cdnoticias.com\/index.php\/wp-json\/wp\/v2\/types\/post"}],"author":[{"embeddable":true,"href":"https:\/\/cdnoticias.com\/index.php\/wp-json\/wp\/v2\/users\/5"}],"replies":[{"embeddable":true,"href":"https:\/\/cdnoticias.com\/index.php\/wp-json\/wp\/v2\/comments?post=11180"}],"version-history":[{"count":0,"href":"https:\/\/cdnoticias.com\/index.php\/wp-json\/wp\/v2\/posts\/11180\/revisions"}],"wp:featuredmedia":[{"embeddable":true,"href":"https:\/\/cdnoticias.com\/index.php\/wp-json\/wp\/v2\/media\/11183"}],"wp:attachment":[{"href":"https:\/\/cdnoticias.com\/index.php\/wp-json\/wp\/v2\/media?parent=11180"}],"wp:term":[{"taxonomy":"category","embeddable":true,"href":"https:\/\/cdnoticias.com\/index.php\/wp-json\/wp\/v2\/categories?post=11180"},{"taxonomy":"post_tag","embeddable":true,"href":"https:\/\/cdnoticias.com\/index.php\/wp-json\/wp\/v2\/tags?post=11180"}],"curies":[{"name":"wp","href":"https:\/\/api.w.org\/{rel}","templated":true}]}}