{"id":111796,"date":"2024-03-19T17:48:03","date_gmt":"2024-03-19T20:48:03","guid":{"rendered":"https:\/\/cdnoticias.com\/?p=111796"},"modified":"2024-03-19T19:20:20","modified_gmt":"2024-03-19T22:20:20","slug":"presentaron-el-concejo-deliberante-estudiantil-este-ano-vamos-a-trabajar-fuertemente-para-concretarlo","status":"publish","type":"post","link":"https:\/\/cdnoticias.com\/index.php\/2024\/03\/19\/presentaron-el-concejo-deliberante-estudiantil-este-ano-vamos-a-trabajar-fuertemente-para-concretarlo\/","title":{"rendered":"Presentaron el Concejo Deliberante Estudiantil: \u201cEste a\u00f1o vamos a trabajar fuertemente para concretarlo\u201d"},"content":{"rendered":"\n<p>La concejala Telma Cazot se\u00f1al\u00f3 que buscan que \u201ctodas las escuelas participen&#8221; y la inscripci\u00f3n online comenzar\u00e1 este jueves hasta el pr\u00f3ximo 15 de abril.<\/p>\n\n\n\n<hr class=\"wp-block-separator aligncenter has-alpha-channel-opacity\"\/>\n\n\n\n<p>Este martes, <strong>la Comisi\u00f3n de Educaci\u00f3n del HCD y autoridades educativas realizaron la presentaci\u00f3n oficial del Concejo Deliberante Estudiantil (CDE) 2024.<\/strong> Todas las escuelas secundarias del partido de Olavarr\u00eda podr\u00e1n realizar la inscripci\u00f3n online entre el 20 de marzo y el 15 de abril inclusive.<\/p>\n\n\n\n<p>La presidenta de la Comisi\u00f3n de Educaci\u00f3n, Telma Cazot, asegur\u00f3 que <strong>se trata de <em>&#8220;un a\u00f1o especial\u201d <\/em>porque <em>\u201cse conmemoran los 30 a\u00f1os de la modificaci\u00f3n de la Constituci\u00f3n Nacional y los 140 a\u00f1os de la sanci\u00f3n de la Ley 1420 que estableci\u00f3 la educaci\u00f3n com\u00fan, gratuita, obligatoria y p\u00fablica en el pa\u00eds&#8221;.<\/em><\/strong><\/p>\n\n\n\n<p>En esta edici\u00f3n, por primera vez, <strong>se dar\u00e1 cumplimiento a la ordenanza 4924 del 2022 que modific\u00f3 algunas pautas de funcionamiento del CDE como su ampliaci\u00f3n a todas las modalidades de la Escuela Secundaria, la elecci\u00f3n de los concejales estudiantiles mediante el voto directo y secreto del alumnado del establecimiento que representen y la eliminaci\u00f3n de un rango de edad para ser candidato.<\/strong><\/p>\n\n\n\n<figure class=\"wp-block-image size-large\"><img data-recalc-dims=\"1\" loading=\"lazy\" decoding=\"async\" width=\"800\" height=\"533\" src=\"https:\/\/i0.wp.com\/cdnoticias.com\/wp-content\/uploads\/2024\/03\/WhatsApp-Image-2024-03-19-at-3.27.04-PM-1.jpeg?resize=800%2C533&#038;ssl=1\" alt=\"\" class=\"wp-image-111799\" srcset=\"https:\/\/i0.wp.com\/cdnoticias.com\/wp-content\/uploads\/2024\/03\/WhatsApp-Image-2024-03-19-at-3.27.04-PM-1.jpeg?resize=1024%2C682&amp;ssl=1 1024w, https:\/\/i0.wp.com\/cdnoticias.com\/wp-content\/uploads\/2024\/03\/WhatsApp-Image-2024-03-19-at-3.27.04-PM-1.jpeg?resize=300%2C200&amp;ssl=1 300w, https:\/\/i0.wp.com\/cdnoticias.com\/wp-content\/uploads\/2024\/03\/WhatsApp-Image-2024-03-19-at-3.27.04-PM-1.jpeg?resize=768%2C512&amp;ssl=1 768w, https:\/\/i0.wp.com\/cdnoticias.com\/wp-content\/uploads\/2024\/03\/WhatsApp-Image-2024-03-19-at-3.27.04-PM-1.jpeg?resize=1536%2C1023&amp;ssl=1 1536w, https:\/\/i0.wp.com\/cdnoticias.com\/wp-content\/uploads\/2024\/03\/WhatsApp-Image-2024-03-19-at-3.27.04-PM-1.jpeg?resize=272%2C182&amp;ssl=1 272w, https:\/\/i0.wp.com\/cdnoticias.com\/wp-content\/uploads\/2024\/03\/WhatsApp-Image-2024-03-19-at-3.27.04-PM-1.jpeg?w=1600&amp;ssl=1 1600w\" sizes=\"auto, (max-width: 800px) 100vw, 800px\" \/><\/figure>\n\n\n\n<blockquote class=\"wp-block-quote is-layout-flow wp-block-quote-is-layout-flow\">\n<p>&#8220;Venimos de varios a\u00f1os en que el Concejo Estudiantil no se pudo hacer. Este a\u00f1o vamos a trabajar fuertemente para concretarlo. La comisi\u00f3n de Educaci\u00f3n trabajar\u00e1 de forma muy activa porque queremos que participen todas las escuelas secundarias de Olavarr\u00eda&#8221;, remarc\u00f3 Cazot.<\/p>\n<\/blockquote>\n\n\n\n<p>El CDE tiene como objetivos<strong> estimular la defensa y el estudio de los derechos y deberes que tienen los j\u00f3venes como ciudadanos; promover el conocimiento y profundizaci\u00f3n de la vida de las Instituciones Democr\u00e1ticas; promover y canalizar las inquietudes de los j\u00f3venes y de sus organizaciones; y fomentar la participaci\u00f3n solidaria de los estudiantes en el \u00e1mbito comunitario.<\/strong><\/p>\n\n\n\n<p>La ordenanza tambi\u00e9n prev\u00e9 la posibilidad de<strong> designar concejales tutores ante la solicitud de un concejal estudiantil<\/strong>. &#8220;Los concejales vamos a estar acompa\u00f1ando a los chicos en todo lo que necesiten&#8221;, expres\u00f3 la presidenta de la Comisi\u00f3n de Educaci\u00f3n.<\/p>\n\n\n\n<p>Por su parte, el concejal <strong>Francisco Gonz\u00e1lez<\/strong> se\u00f1al\u00f3: <em>&#8220;Buscamos que el Concejo Estudiantil vuelva a cobrar relevancia porque es un espacio muy importante que brinda herramientas legislativas, promueve la participaci\u00f3n pol\u00edtica y el debate democr\u00e1tico&#8221;.<\/em><\/p>\n\n\n\n<figure class=\"wp-block-image size-large\"><img data-recalc-dims=\"1\" loading=\"lazy\" decoding=\"async\" width=\"800\" height=\"533\" src=\"https:\/\/i0.wp.com\/cdnoticias.com\/wp-content\/uploads\/2024\/03\/WhatsApp-Image-2024-03-19-at-3.30.00-PM.jpeg?resize=800%2C533&#038;ssl=1\" alt=\"\" class=\"wp-image-111800\" srcset=\"https:\/\/i0.wp.com\/cdnoticias.com\/wp-content\/uploads\/2024\/03\/WhatsApp-Image-2024-03-19-at-3.30.00-PM.jpeg?resize=1024%2C682&amp;ssl=1 1024w, https:\/\/i0.wp.com\/cdnoticias.com\/wp-content\/uploads\/2024\/03\/WhatsApp-Image-2024-03-19-at-3.30.00-PM.jpeg?resize=300%2C200&amp;ssl=1 300w, https:\/\/i0.wp.com\/cdnoticias.com\/wp-content\/uploads\/2024\/03\/WhatsApp-Image-2024-03-19-at-3.30.00-PM.jpeg?resize=768%2C512&amp;ssl=1 768w, https:\/\/i0.wp.com\/cdnoticias.com\/wp-content\/uploads\/2024\/03\/WhatsApp-Image-2024-03-19-at-3.30.00-PM.jpeg?resize=1536%2C1023&amp;ssl=1 1536w, https:\/\/i0.wp.com\/cdnoticias.com\/wp-content\/uploads\/2024\/03\/WhatsApp-Image-2024-03-19-at-3.30.00-PM.jpeg?resize=272%2C182&amp;ssl=1 272w, https:\/\/i0.wp.com\/cdnoticias.com\/wp-content\/uploads\/2024\/03\/WhatsApp-Image-2024-03-19-at-3.30.00-PM.jpeg?w=1600&amp;ssl=1 1600w\" sizes=\"auto, (max-width: 800px) 100vw, 800px\" \/><\/figure>\n\n\n\n<p>El <strong>Jefe Distrital de Educaci\u00f3n, Julio Ben\u00edtez<\/strong>, expres\u00f3: <em>&#8220;Este espacio sirve para promover la participaci\u00f3n pol\u00edtica, una instancia necesaria de la vida social y comunitaria. Es importante entender lo pol\u00edtico en t\u00e9rminos positivos, como una herramienta de participaci\u00f3n y compromiso con las problem\u00e1ticas de una comunidad&#8221;.<\/em><\/p>\n\n\n\n<figure class=\"wp-block-image size-large\"><img data-recalc-dims=\"1\" loading=\"lazy\" decoding=\"async\" width=\"800\" height=\"533\" src=\"https:\/\/i0.wp.com\/cdnoticias.com\/wp-content\/uploads\/2024\/03\/WhatsApp-Image-2024-03-19-at-3.27.04-PM-3.jpeg?resize=800%2C533&#038;ssl=1\" alt=\"\" class=\"wp-image-111801\" srcset=\"https:\/\/i0.wp.com\/cdnoticias.com\/wp-content\/uploads\/2024\/03\/WhatsApp-Image-2024-03-19-at-3.27.04-PM-3.jpeg?resize=1024%2C682&amp;ssl=1 1024w, https:\/\/i0.wp.com\/cdnoticias.com\/wp-content\/uploads\/2024\/03\/WhatsApp-Image-2024-03-19-at-3.27.04-PM-3.jpeg?resize=300%2C200&amp;ssl=1 300w, https:\/\/i0.wp.com\/cdnoticias.com\/wp-content\/uploads\/2024\/03\/WhatsApp-Image-2024-03-19-at-3.27.04-PM-3.jpeg?resize=768%2C512&amp;ssl=1 768w, https:\/\/i0.wp.com\/cdnoticias.com\/wp-content\/uploads\/2024\/03\/WhatsApp-Image-2024-03-19-at-3.27.04-PM-3.jpeg?resize=1536%2C1023&amp;ssl=1 1536w, https:\/\/i0.wp.com\/cdnoticias.com\/wp-content\/uploads\/2024\/03\/WhatsApp-Image-2024-03-19-at-3.27.04-PM-3.jpeg?resize=272%2C182&amp;ssl=1 272w, https:\/\/i0.wp.com\/cdnoticias.com\/wp-content\/uploads\/2024\/03\/WhatsApp-Image-2024-03-19-at-3.27.04-PM-3.jpeg?w=1600&amp;ssl=1 1600w\" sizes=\"auto, (max-width: 800px) 100vw, 800px\" \/><\/figure>\n\n\n\n<p>En tanto,<strong> la Inspectora Jefa de Direcci\u00f3n de Educaci\u00f3n de Gesti\u00f3n Privada (DIEGEP) de la Regi\u00f3n 25, Romina Altafini,<\/strong> subray\u00f3: <strong>&#8220;Esto da la posibilidad de tomar la voz y expresar intereses y problem\u00e1ticas para debatirlos en forma colectiva. Asumimos el compromiso de difundir y potenciar el Concejo Estudiantil al interior de las instituciones educativas para que todas puedan estar participando&#8221;.<\/strong><\/p>\n\n\n\n<figure class=\"wp-block-image size-large\"><img data-recalc-dims=\"1\" loading=\"lazy\" decoding=\"async\" width=\"800\" height=\"533\" src=\"https:\/\/i0.wp.com\/cdnoticias.com\/wp-content\/uploads\/2024\/03\/WhatsApp-Image-2024-03-19-at-3.27.04-PM-2.jpeg?resize=800%2C533&#038;ssl=1\" alt=\"\" class=\"wp-image-111798\" srcset=\"https:\/\/i0.wp.com\/cdnoticias.com\/wp-content\/uploads\/2024\/03\/WhatsApp-Image-2024-03-19-at-3.27.04-PM-2.jpeg?resize=1024%2C682&amp;ssl=1 1024w, https:\/\/i0.wp.com\/cdnoticias.com\/wp-content\/uploads\/2024\/03\/WhatsApp-Image-2024-03-19-at-3.27.04-PM-2.jpeg?resize=300%2C200&amp;ssl=1 300w, https:\/\/i0.wp.com\/cdnoticias.com\/wp-content\/uploads\/2024\/03\/WhatsApp-Image-2024-03-19-at-3.27.04-PM-2.jpeg?resize=768%2C512&amp;ssl=1 768w, https:\/\/i0.wp.com\/cdnoticias.com\/wp-content\/uploads\/2024\/03\/WhatsApp-Image-2024-03-19-at-3.27.04-PM-2.jpeg?resize=1536%2C1023&amp;ssl=1 1536w, https:\/\/i0.wp.com\/cdnoticias.com\/wp-content\/uploads\/2024\/03\/WhatsApp-Image-2024-03-19-at-3.27.04-PM-2.jpeg?resize=272%2C182&amp;ssl=1 272w, https:\/\/i0.wp.com\/cdnoticias.com\/wp-content\/uploads\/2024\/03\/WhatsApp-Image-2024-03-19-at-3.27.04-PM-2.jpeg?w=1600&amp;ssl=1 1600w\" sizes=\"auto, (max-width: 800px) 100vw, 800px\" \/><\/figure>\n\n\n\n<p class=\"has-large-font-size\">El cronograma del Concejo Deliberante Estudiantil 2024 ser\u00e1 el siguiente:<\/p>\n\n\n\n<p>Inscripci\u00f3n:&nbsp; desde el 20\/03\/2024 al 15\/04\/2024 en la p\u00e1gina web del HCD.<\/p>\n\n\n\n<p>Reuni\u00f3n con profesores:&nbsp; 16\/04\/2024&nbsp;<\/p>\n\n\n\n<p>Elecciones de Concejales Estudiantiles: todo el mes de mayo<\/p>\n\n\n\n<p>Capacitaci\u00f3n a concejales estudiantiles y docentes a cargo: 04\/06\/2024<\/p>\n\n\n\n<p>Presentaci\u00f3n de proyectos: Del 05\/06\/2024 al 12\/07\/2024<\/p>\n\n\n\n<p>Presentaci\u00f3n del HCDE: 11\/07\/2024<\/p>\n\n\n\n<p>Tratamiento en comisi\u00f3n de proyectos: mes de agosto hasta el 21\/08<\/p>\n\n\n\n<p>Primera sesi\u00f3n preparatoria y tratamiento de proyectos: 22\/08\/2024<\/p>\n\n\n\n<p>Segunda sesi\u00f3n: 10\/10\/2024<\/p>\n\n\n\n<p>Acto de cierre y entrega de diplomas: 14\/11\/2024<\/p>\n\n\n\n<p>Link del formulario online para la inscripci\u00f3n al CDE 2024<a href=\"https:\/\/forms.gle\/5VNzVV7qffMau72V9\" target=\"_blank\" rel=\"noreferrer noopener\"> se encuentra en este link. <\/a><\/p>\n","protected":false},"excerpt":{"rendered":"<p>La concejala Telma Cazot se\u00f1al\u00f3 que buscan que \u201ctodas las escuelas participen&#8221; y la inscripci\u00f3n online comenzar\u00e1 este jueves hasta<\/p>\n","protected":false},"author":2,"featured_media":111797,"comment_status":"closed","ping_status":"closed","sticky":false,"template":"","format":"standard","meta":{"_jetpack_memberships_contains_paid_content":false,"footnotes":""},"categories":[4,1],"tags":[],"class_list":["post-111796","post","type-post","status-publish","format-standard","has-post-thumbnail","hentry","category-politica","category-portada"],"jetpack_featured_media_url":"https:\/\/i0.wp.com\/cdnoticias.com\/wp-content\/uploads\/2024\/03\/WhatsApp-Image-2024-03-19-at-3.27.04-PM.jpeg?fit=1600%2C1066&ssl=1","jetpack_sharing_enabled":true,"_links":{"self":[{"href":"https:\/\/cdnoticias.com\/index.php\/wp-json\/wp\/v2\/posts\/111796","targetHints":{"allow":["GET"]}}],"collection":[{"href":"https:\/\/cdnoticias.com\/index.php\/wp-json\/wp\/v2\/posts"}],"about":[{"href":"https:\/\/cdnoticias.com\/index.php\/wp-json\/wp\/v2\/types\/post"}],"author":[{"embeddable":true,"href":"https:\/\/cdnoticias.com\/index.php\/wp-json\/wp\/v2\/users\/2"}],"replies":[{"embeddable":true,"href":"https:\/\/cdnoticias.com\/index.php\/wp-json\/wp\/v2\/comments?post=111796"}],"version-history":[{"count":0,"href":"https:\/\/cdnoticias.com\/index.php\/wp-json\/wp\/v2\/posts\/111796\/revisions"}],"wp:featuredmedia":[{"embeddable":true,"href":"https:\/\/cdnoticias.com\/index.php\/wp-json\/wp\/v2\/media\/111797"}],"wp:attachment":[{"href":"https:\/\/cdnoticias.com\/index.php\/wp-json\/wp\/v2\/media?parent=111796"}],"wp:term":[{"taxonomy":"category","embeddable":true,"href":"https:\/\/cdnoticias.com\/index.php\/wp-json\/wp\/v2\/categories?post=111796"},{"taxonomy":"post_tag","embeddable":true,"href":"https:\/\/cdnoticias.com\/index.php\/wp-json\/wp\/v2\/tags?post=111796"}],"curies":[{"name":"wp","href":"https:\/\/api.w.org\/{rel}","templated":true}]}}