{"id":111764,"date":"2024-03-19T10:29:14","date_gmt":"2024-03-19T13:29:14","guid":{"rendered":"https:\/\/cdnoticias.com\/?p=111764"},"modified":"2024-03-19T13:31:22","modified_gmt":"2024-03-19T16:31:22","slug":"tenemos-preparados-tres-espacios-para-que-sean-centros-de-evacuacion","status":"publish","type":"post","link":"https:\/\/cdnoticias.com\/index.php\/2024\/03\/19\/tenemos-preparados-tres-espacios-para-que-sean-centros-de-evacuacion\/","title":{"rendered":"\u201cTenemos preparados tres espacios para que sean centros de evacuaci\u00f3n\u201d"},"content":{"rendered":"<p>Lo indic\u00f3 el secretario de Desarrollo de la Comunidad, Cristian Delpiani. Detall\u00f3 el trabajo realizado y c\u00f3mo se preparan ante la advertencia por nuevas tormentas. Hubo m\u00e1s de 200 familias afectadas.<!--more--><\/p>\n<hr \/>\n<p>Luego de las intensas lluvias en la madrugada del lunes, el <strong>secretario de Desarrollo de la Comunidad Municipal, Cristian Delpiani<\/strong>, dialog\u00f3 con <em>Radio Sapiens<\/em> sobre las tareas realizadas para <strong>atender a las m\u00e1s de 200 familias afectadas y que requirieron asistencia.<\/strong> Hubo<strong> colaboraci\u00f3n de la Provincia y del municipio de Bol\u00edvar.<\/strong><\/p>\n<p>Delpiani se\u00f1al\u00f3 que \u201ca pocos meses de asumir tuvimos que enfrentar otra tormenta, de distintas caracter\u00edsticas a las del <a href=\"https:\/\/cdnoticias.com\/index.php\/2023\/12\/13\/temporal-en-olavarria-el-intendente-wesner-explico-la-intervencion-del-comite-operativo-de-emergencia\/\" target=\"_blank\" rel=\"noopener\">12 y 14 de diciembre<\/a>, pero tambi\u00e9n <strong>con consecuencias tal vez hasta de mayor impacto por la cantidad de familias afectadas<\/strong>\u201d.<\/p>\n<p>En ese sentido, repas\u00f3 las tareas realizadas desde primeras horas de la ma\u00f1ana del lunes donde <strong>\u201clas dificultades se daban pr\u00e1cticamente en todos los barrios\u201d<\/strong>. En el transcurso de la ma\u00f1ana esta situaci\u00f3n fue cediendo y quedaron los barrios m\u00e1s afectados: \u201cCarlos Pellegrini, Eucaliptus, Bel\u00e9n, una zona de barrio La Loma, parte de Col\u00f3n y La Rioja, el sector de Villa Magdalena, el sector de las quintas por Autopista Fortabat y las localidades de Hinojo y Sierra Chica\u201d.<\/p>\n<p>El funcionario explic\u00f3 que en estos lugares <strong>se trabaj\u00f3 \u201chasta muy tarde a la noche\u201d con distintos tipos de asistencia<\/strong> y en coordinaci\u00f3n con la secretar\u00eda de Obras P\u00fablicas. \u201cNosotros estuvimos asistiendo y relevando cuestiones vinculadas a las situaciones familiares, ni\u00f1eces, mujeres, adultos mayores. Viendo si hab\u00eda que evacuar, asistiendo con alimentos, colchones, vincul\u00e1ndonos con el \u00e1rea de salud para atender alguna situaci\u00f3n compleja que nos hemos encontrado\u201d.<\/p>\n<blockquote><p>\u201cHa sido un d\u00eda largo, complejo, doloroso para las familias que les toc\u00f3 transitar esta situaci\u00f3n y que a\u00fan hoy est\u00e1n transitando\u201d, indic\u00f3 el secretario de Desarrollo de la Comunidad.<\/p><\/blockquote>\n<figure id=\"attachment_111693\" aria-describedby=\"caption-attachment-111693\" style=\"width: 800px\" class=\"wp-caption alignnone\"><img data-recalc-dims=\"1\" loading=\"lazy\" decoding=\"async\" class=\"size-large wp-image-111693\" src=\"https:\/\/i0.wp.com\/cdnoticias.com\/wp-content\/uploads\/2024\/03\/arroyo-crecida-lluvias5.jpg?resize=800%2C445&#038;ssl=1\" alt=\"\" width=\"800\" height=\"445\" srcset=\"https:\/\/i0.wp.com\/cdnoticias.com\/wp-content\/uploads\/2024\/03\/arroyo-crecida-lluvias5-scaled.jpg?resize=1024%2C570&amp;ssl=1 1024w, https:\/\/i0.wp.com\/cdnoticias.com\/wp-content\/uploads\/2024\/03\/arroyo-crecida-lluvias5-scaled.jpg?resize=300%2C167&amp;ssl=1 300w, https:\/\/i0.wp.com\/cdnoticias.com\/wp-content\/uploads\/2024\/03\/arroyo-crecida-lluvias5-scaled.jpg?resize=768%2C427&amp;ssl=1 768w, https:\/\/i0.wp.com\/cdnoticias.com\/wp-content\/uploads\/2024\/03\/arroyo-crecida-lluvias5-scaled.jpg?resize=1536%2C855&amp;ssl=1 1536w, https:\/\/i0.wp.com\/cdnoticias.com\/wp-content\/uploads\/2024\/03\/arroyo-crecida-lluvias5-scaled.jpg?resize=2048%2C1140&amp;ssl=1 2048w, https:\/\/i0.wp.com\/cdnoticias.com\/wp-content\/uploads\/2024\/03\/arroyo-crecida-lluvias5-scaled.jpg?resize=800%2C445&amp;ssl=1 800w, https:\/\/i0.wp.com\/cdnoticias.com\/wp-content\/uploads\/2024\/03\/arroyo-crecida-lluvias5-scaled.jpg?w=1600&amp;ssl=1 1600w, https:\/\/i0.wp.com\/cdnoticias.com\/wp-content\/uploads\/2024\/03\/arroyo-crecida-lluvias5-scaled.jpg?w=2400&amp;ssl=1 2400w\" sizes=\"auto, (max-width: 800px) 100vw, 800px\" \/><figcaption id=\"caption-attachment-111693\" class=\"wp-caption-text\">Este lunes 18 de marzo se registraron m\u00e1s de 116 mil\u00edmetros de lluvia en tres horas en\u00a0 Olavarr\u00eda.<\/figcaption><\/figure>\n<h2>Centros de evacuaci\u00f3n<\/h2>\n<p>Ante la emisi\u00f3n por parte del Servicio Meteorol\u00f3gico Nacional de una <a href=\"https:\/\/cdnoticias.com\/index.php\/2024\/03\/18\/otra-vez-olavarria-bajo-alerta-amarilla-pronostican-tormentas-para-martes-y-miercoles\/\" target=\"_blank\" rel=\"noopener\">nueva alerta amarilla por tormentas<\/a> para las pr\u00f3ximas horas, Cristian Delpiani especific\u00f3 que \u201ctenemos preparados tres espacios para que sean centros de evacuaci\u00f3n: el Servicio Territorial N\u00b0 4 en Berutti y Fal, el Servicio Territorial N\u00b0 2 en Alberdi y Coronel Su\u00e1rez y el Nido de Villa Magdalena, en Necochea al 6030\u201d.<\/p>\n<blockquote><p>\u201cOjal\u00e1 no tengamos que acudir a hacer uso de esos espacios, pero por las dudas los tenemos alistados, en condiciones para albergar gente\u201d, resalt\u00f3 Delpiani.<\/p><\/blockquote>\n<p>Indic\u00f3 que \u201cayer tuvimos varias situaciones en las cuales habr\u00eda que haber evacuado, pero bueno, tambi\u00e9n se respeta la decisi\u00f3n de la familia<strong> evaluando los riesgos que corren<\/strong>\u201d. En ese sentido, se\u00f1al\u00f3 que \u201csi los riesgos son menores y las familias deciden quedarse en el lugar por una cuesti\u00f3n de inseguridad, se quedan o se autoevacuan en familias ampliadas o en casas de amigos\u201d.<\/p>\n<p>En caso de acudir a los lugares de evacuaci\u00f3n, Delpiani indic\u00f3 que \u201ctenemos preparado colchones, mantas, alimentos, viandas, productos de higiene\u201d para transitar ese momento.<\/p>\n<figure id=\"attachment_111713\" aria-describedby=\"caption-attachment-111713\" style=\"width: 800px\" class=\"wp-caption alignnone\"><img data-recalc-dims=\"1\" loading=\"lazy\" decoding=\"async\" class=\"size-large wp-image-111713\" src=\"https:\/\/i0.wp.com\/cdnoticias.com\/wp-content\/uploads\/2024\/03\/WhatsApp-Image-2024-03-18-at-15.47.24.jpeg?resize=800%2C600&#038;ssl=1\" alt=\"\" width=\"800\" height=\"600\" srcset=\"https:\/\/i0.wp.com\/cdnoticias.com\/wp-content\/uploads\/2024\/03\/WhatsApp-Image-2024-03-18-at-15.47.24.jpeg?resize=1024%2C768&amp;ssl=1 1024w, https:\/\/i0.wp.com\/cdnoticias.com\/wp-content\/uploads\/2024\/03\/WhatsApp-Image-2024-03-18-at-15.47.24.jpeg?resize=300%2C225&amp;ssl=1 300w, https:\/\/i0.wp.com\/cdnoticias.com\/wp-content\/uploads\/2024\/03\/WhatsApp-Image-2024-03-18-at-15.47.24.jpeg?resize=768%2C576&amp;ssl=1 768w, https:\/\/i0.wp.com\/cdnoticias.com\/wp-content\/uploads\/2024\/03\/WhatsApp-Image-2024-03-18-at-15.47.24.jpeg?resize=1536%2C1152&amp;ssl=1 1536w, https:\/\/i0.wp.com\/cdnoticias.com\/wp-content\/uploads\/2024\/03\/WhatsApp-Image-2024-03-18-at-15.47.24.jpeg?w=1600&amp;ssl=1 1600w\" sizes=\"auto, (max-width: 800px) 100vw, 800px\" \/><figcaption id=\"caption-attachment-111713\" class=\"wp-caption-text\">Luego de las intensas lluvias declararon la Emergencia en el Partido de Olavarr\u00eda.<\/figcaption><\/figure>\n<h2>M\u00e1s de 200 familias afectadas por la tormenta<\/h2>\n<p>Cristian Delpiani resalt\u00f3 que \u201cal d\u00eda de hoy todav\u00eda seguimos trabajando con algunas familias que todav\u00eda est\u00e1n con algo de agua en sus casas. Otras, est\u00e1n ya en condiciones de estar limpiando y acomodando sus viviendas\u201d.<\/p>\n<blockquote><p>En referencia a las consecuencias de las lluvias, indic\u00f3 que \u201csupera las 200 familias afectadas entre los distintos barrios y las localidades de Sierra Chica e Hinojo\u201d.<\/p><\/blockquote>\n<p>\u201cTambi\u00e9n hemos estado articulando con el <strong>Ministerio de Desarrollo de la Comunidad de la Provincia<\/strong> para solicitar asistencia. El Intendente tuvo di\u00e1logo con el Gobernador y tuvimos una respuesta inmediata. Lo mismo con el <strong>municipio de Bol\u00edvar<\/strong> que pudimos articular algunas cuestiones\u201d, cerr\u00f3 el secretario de Desarrollo de la Comunidad.<\/p>\n","protected":false},"excerpt":{"rendered":"<p>Lo indic\u00f3 el secretario de Desarrollo de la Comunidad, Cristian Delpiani. Detall\u00f3 el trabajo realizado y c\u00f3mo se preparan ante<\/p>\n","protected":false},"author":2,"featured_media":111699,"comment_status":"closed","ping_status":"closed","sticky":false,"template":"","format":"standard","meta":{"_jetpack_memberships_contains_paid_content":false,"footnotes":""},"categories":[5,1],"tags":[],"class_list":["post-111764","post","type-post","status-publish","format-standard","has-post-thumbnail","hentry","category-informacion-general","category-portada"],"jetpack_featured_media_url":"https:\/\/i0.wp.com\/cdnoticias.com\/wp-content\/uploads\/2024\/03\/conferencia-delpiani-desarrollo-scaled.jpg?fit=2560%2C1424&ssl=1","jetpack_sharing_enabled":true,"_links":{"self":[{"href":"https:\/\/cdnoticias.com\/index.php\/wp-json\/wp\/v2\/posts\/111764","targetHints":{"allow":["GET"]}}],"collection":[{"href":"https:\/\/cdnoticias.com\/index.php\/wp-json\/wp\/v2\/posts"}],"about":[{"href":"https:\/\/cdnoticias.com\/index.php\/wp-json\/wp\/v2\/types\/post"}],"author":[{"embeddable":true,"href":"https:\/\/cdnoticias.com\/index.php\/wp-json\/wp\/v2\/users\/2"}],"replies":[{"embeddable":true,"href":"https:\/\/cdnoticias.com\/index.php\/wp-json\/wp\/v2\/comments?post=111764"}],"version-history":[{"count":0,"href":"https:\/\/cdnoticias.com\/index.php\/wp-json\/wp\/v2\/posts\/111764\/revisions"}],"wp:featuredmedia":[{"embeddable":true,"href":"https:\/\/cdnoticias.com\/index.php\/wp-json\/wp\/v2\/media\/111699"}],"wp:attachment":[{"href":"https:\/\/cdnoticias.com\/index.php\/wp-json\/wp\/v2\/media?parent=111764"}],"wp:term":[{"taxonomy":"category","embeddable":true,"href":"https:\/\/cdnoticias.com\/index.php\/wp-json\/wp\/v2\/categories?post=111764"},{"taxonomy":"post_tag","embeddable":true,"href":"https:\/\/cdnoticias.com\/index.php\/wp-json\/wp\/v2\/tags?post=111764"}],"curies":[{"name":"wp","href":"https:\/\/api.w.org\/{rel}","templated":true}]}}