{"id":111760,"date":"2024-03-19T09:17:28","date_gmt":"2024-03-19T12:17:28","guid":{"rendered":"https:\/\/cdnoticias.com\/?p=111760"},"modified":"2024-03-19T10:47:00","modified_gmt":"2024-03-19T13:47:00","slug":"semana-de-la-memoria-sesion-del-hcd-actividades-variadas-y-movilizacion","status":"publish","type":"post","link":"https:\/\/cdnoticias.com\/index.php\/2024\/03\/19\/semana-de-la-memoria-sesion-del-hcd-actividades-variadas-y-movilizacion\/","title":{"rendered":"Semana de la memoria: sesi\u00f3n del HCD, actividades variadas y movilizaci\u00f3n"},"content":{"rendered":"<p>La Comisi\u00f3n por la Memoria de Olavarr\u00eda dio a conocer el cronograma con las propuestas que comienzan este martes y culminan el pr\u00f3ximo 25 de marzo.<!--more--><\/p>\n<hr \/>\n<p>La <strong>Comisi\u00f3n por la Memoria de Olavarr\u00eda<\/strong> llevar\u00e1 adelante distintas actividades conmemorativas y de reflexi\u00f3n que comenzar\u00e1n este martes y culminar\u00e1n el pr\u00f3ximo 25 de marzo.<\/p>\n<p>Este <strong>martes 19 de marzo a las 18:00<\/strong> se proyectar\u00e1n el corto \u201cUn oscuro d\u00eda de injusticia\u201d y la pel\u00edcula \u201cEl rapto\u201d en la Sociedad de Fomento Villa Mailin, ubicada en Pellegrini y Corrientes. En tanto,<strong> a las 15:00 en la Escuela Primaria N\u00b0 24<\/strong> habr\u00e1 proyecci\u00f3n y debate del cortometraje \u201cJuguete aparecido\u201d para estudiantes de 5\u00b0 y 6\u00b0 a\u00f1o.<\/p>\n<figure id=\"attachment_80496\" aria-describedby=\"caption-attachment-80496\" style=\"width: 800px\" class=\"wp-caption alignnone\"><img data-recalc-dims=\"1\" loading=\"lazy\" decoding=\"async\" class=\"size-large wp-image-80496\" src=\"https:\/\/i0.wp.com\/cdnoticias.com\/wp-content\/uploads\/2023\/03\/memoria17.jpg?resize=800%2C445&#038;ssl=1\" alt=\"\" width=\"800\" height=\"445\" srcset=\"https:\/\/i0.wp.com\/cdnoticias.com\/wp-content\/uploads\/2023\/03\/memoria17-scaled.jpg?resize=1024%2C570&amp;ssl=1 1024w, https:\/\/i0.wp.com\/cdnoticias.com\/wp-content\/uploads\/2023\/03\/memoria17-scaled.jpg?resize=300%2C167&amp;ssl=1 300w, https:\/\/i0.wp.com\/cdnoticias.com\/wp-content\/uploads\/2023\/03\/memoria17-scaled.jpg?resize=768%2C427&amp;ssl=1 768w, https:\/\/i0.wp.com\/cdnoticias.com\/wp-content\/uploads\/2023\/03\/memoria17-scaled.jpg?resize=1536%2C855&amp;ssl=1 1536w, https:\/\/i0.wp.com\/cdnoticias.com\/wp-content\/uploads\/2023\/03\/memoria17-scaled.jpg?resize=2048%2C1140&amp;ssl=1 2048w, https:\/\/i0.wp.com\/cdnoticias.com\/wp-content\/uploads\/2023\/03\/memoria17-scaled.jpg?resize=800%2C445&amp;ssl=1 800w, https:\/\/i0.wp.com\/cdnoticias.com\/wp-content\/uploads\/2023\/03\/memoria17-scaled.jpg?w=1600&amp;ssl=1 1600w, https:\/\/i0.wp.com\/cdnoticias.com\/wp-content\/uploads\/2023\/03\/memoria17-scaled.jpg?w=2400&amp;ssl=1 2400w\" sizes=\"auto, (max-width: 800px) 100vw, 800px\" \/><figcaption id=\"caption-attachment-80496\" class=\"wp-caption-text\">El 24, en el Parque de la Memoria, estar\u00e1n presentes artistas locales.<\/figcaption><\/figure>\n<p>En tanto, la actividad central prevista para el<strong> domingo 24 de marzo,<\/strong> comenzar\u00e1 a las 8:00 con la<strong> 5\u00aa edici\u00f3n del Cross Country D\u00eda de la Memoria.<\/strong> La prueba \u2013de 7 y 21 km.- tendr\u00e1 como punto de partida y de llegada el Espacio de Memoria Monte Pelloni. Es organizada por el Sindicato de Trabajadores Municipales, auspiciada por la Comisi\u00f3n por la Memoria de Olavarr\u00eda y fiscalizada por el C\u00edrculo de Atletas Veteranos de Olavarr\u00eda.<\/p>\n<p>A las 12:00 se realizar\u00e1 la <strong>sesi\u00f3n del Honorable Concejo Deliberante de Olavarr\u00eda<\/strong> en el Espacio de Memoria Monte Pelloni y<strong> a las 16:00 la actividad se trasladar\u00e1 al Parque de la Memoria<\/strong> (Brown y Col\u00f3n). La jornada culminar\u00e1 con una <strong>movilizaci\u00f3n hacia la Plaza Central<\/strong> desde las 18:00.<\/p>\n<p><strong>El cronograma completo:<\/strong><\/p>\n<p><iframe loading=\"lazy\" style=\"border: none; overflow: hidden;\" src=\"https:\/\/www.facebook.com\/plugins\/post.php?href=https%3A%2F%2Fwww.facebook.com%2Fpermalink.php%3Fstory_fbid%3Dpfbid02pzKpmvtSh738SvLK6EChYbcBMde71qLAnhB2tiGWLoNQ55sEuVRSxHN6q2uRmUa6l%26id%3D100064382843988&amp;show_text=true&amp;width=500\" width=\"500\" height=\"654\" frameborder=\"0\" scrolling=\"no\" allowfullscreen=\"allowfullscreen\"><\/iframe><\/p>\n","protected":false},"excerpt":{"rendered":"<p>La Comisi\u00f3n por la Memoria de Olavarr\u00eda dio a conocer el cronograma con las propuestas que comienzan este martes y<\/p>\n","protected":false},"author":2,"featured_media":80441,"comment_status":"closed","ping_status":"closed","sticky":false,"template":"","format":"standard","meta":{"_jetpack_memberships_contains_paid_content":false,"footnotes":""},"categories":[5,1],"tags":[],"class_list":["post-111760","post","type-post","status-publish","format-standard","has-post-thumbnail","hentry","category-informacion-general","category-portada"],"jetpack_featured_media_url":"https:\/\/i0.wp.com\/cdnoticias.com\/wp-content\/uploads\/2023\/03\/monte-pelloni-2023-02-scaled.jpg?fit=2560%2C1424&ssl=1","jetpack_sharing_enabled":true,"_links":{"self":[{"href":"https:\/\/cdnoticias.com\/index.php\/wp-json\/wp\/v2\/posts\/111760","targetHints":{"allow":["GET"]}}],"collection":[{"href":"https:\/\/cdnoticias.com\/index.php\/wp-json\/wp\/v2\/posts"}],"about":[{"href":"https:\/\/cdnoticias.com\/index.php\/wp-json\/wp\/v2\/types\/post"}],"author":[{"embeddable":true,"href":"https:\/\/cdnoticias.com\/index.php\/wp-json\/wp\/v2\/users\/2"}],"replies":[{"embeddable":true,"href":"https:\/\/cdnoticias.com\/index.php\/wp-json\/wp\/v2\/comments?post=111760"}],"version-history":[{"count":0,"href":"https:\/\/cdnoticias.com\/index.php\/wp-json\/wp\/v2\/posts\/111760\/revisions"}],"wp:featuredmedia":[{"embeddable":true,"href":"https:\/\/cdnoticias.com\/index.php\/wp-json\/wp\/v2\/media\/80441"}],"wp:attachment":[{"href":"https:\/\/cdnoticias.com\/index.php\/wp-json\/wp\/v2\/media?parent=111760"}],"wp:term":[{"taxonomy":"category","embeddable":true,"href":"https:\/\/cdnoticias.com\/index.php\/wp-json\/wp\/v2\/categories?post=111760"},{"taxonomy":"post_tag","embeddable":true,"href":"https:\/\/cdnoticias.com\/index.php\/wp-json\/wp\/v2\/tags?post=111760"}],"curies":[{"name":"wp","href":"https:\/\/api.w.org\/{rel}","templated":true}]}}