{"id":111729,"date":"2024-03-18T19:40:28","date_gmt":"2024-03-18T22:40:28","guid":{"rendered":"https:\/\/cdnoticias.com\/?p=111729"},"modified":"2024-03-18T19:40:31","modified_gmt":"2024-03-18T22:40:31","slug":"por-la-tormenta-se-reprogramo-mercados-bonaerenses","status":"publish","type":"post","link":"https:\/\/cdnoticias.com\/index.php\/2024\/03\/18\/por-la-tormenta-se-reprogramo-mercados-bonaerenses\/","title":{"rendered":"Por la tormenta, se reprogram\u00f3 Mercados Bonaerenses"},"content":{"rendered":"\n<p>La actividad estaba prevista para este martes en Olavarr\u00eda. A\u00fan no se confirm\u00f3 la nueva fecha, la cual ser\u00e1 comunicada los pr\u00f3ximos d\u00edas.<\/p>\n\n\n\n<hr class=\"wp-block-separator aligncenter has-alpha-channel-opacity\"\/>\n\n\n\n<p>Desde el Municipio se inform\u00f3 que la jornada de \u201c<strong>Mercados Bonaerenses<\/strong>\u201d prevista para este martes en el Parque Avellaneda fue <strong>reprogramada.<\/strong><\/p>\n\n\n\n<p><\/p>\n\n\n\n<p>La decisi\u00f3n se tom\u00f3 por las <strong>condiciones clim\u00e1ticas previstas<\/strong> durante todo el d\u00eda.  <strong>A\u00fan no se confirm\u00f3 la nueva fecha del evento, <\/strong>la cual ser\u00e1 comunicada los pr\u00f3ximos d\u00edas.<\/p>\n\n\n\n<p><\/p>\n\n\n\n<blockquote class=\"wp-block-quote is-layout-flow wp-block-quote-is-layout-flow\">\n<p>La feria contar\u00e1 con la participaci\u00f3n de productores locales entre los cuales se podr\u00e1n encontrar elaboraciones como: panificados dulces y salados, bebidas, quesos, plantas y plantines, miel y productos sin tacc.<\/p>\n<\/blockquote>\n\n\n\n<p><\/p>\n\n\n\n<p>Adem\u00e1s, participar\u00e1n de la feria dos camiones del Ministerio de Desarrollo Agrario bonaerense, que dispondr\u00e1n productos l\u00e1cteos, pastas y pescados: estos \u00faltimos dos rubros 40% de descuento con Cuenta DNI (tope de reintegro $3000).<\/p>\n","protected":false},"excerpt":{"rendered":"<p>La actividad estaba prevista para este martes en Olavarr\u00eda. A\u00fan no se confirm\u00f3 la nueva fecha, la cual ser\u00e1 comunicada<\/p>\n","protected":false},"author":6,"featured_media":109466,"comment_status":"closed","ping_status":"closed","sticky":false,"template":"","format":"standard","meta":{"_jetpack_memberships_contains_paid_content":false,"footnotes":""},"categories":[5,1],"tags":[],"class_list":["post-111729","post","type-post","status-publish","format-standard","has-post-thumbnail","hentry","category-informacion-general","category-portada"],"jetpack_featured_media_url":"https:\/\/i0.wp.com\/cdnoticias.com\/wp-content\/uploads\/2024\/02\/mercados-bonaerenses-primera-edicion-1.png?fit=991%2C639&ssl=1","jetpack_sharing_enabled":true,"_links":{"self":[{"href":"https:\/\/cdnoticias.com\/index.php\/wp-json\/wp\/v2\/posts\/111729","targetHints":{"allow":["GET"]}}],"collection":[{"href":"https:\/\/cdnoticias.com\/index.php\/wp-json\/wp\/v2\/posts"}],"about":[{"href":"https:\/\/cdnoticias.com\/index.php\/wp-json\/wp\/v2\/types\/post"}],"author":[{"embeddable":true,"href":"https:\/\/cdnoticias.com\/index.php\/wp-json\/wp\/v2\/users\/6"}],"replies":[{"embeddable":true,"href":"https:\/\/cdnoticias.com\/index.php\/wp-json\/wp\/v2\/comments?post=111729"}],"version-history":[{"count":0,"href":"https:\/\/cdnoticias.com\/index.php\/wp-json\/wp\/v2\/posts\/111729\/revisions"}],"wp:featuredmedia":[{"embeddable":true,"href":"https:\/\/cdnoticias.com\/index.php\/wp-json\/wp\/v2\/media\/109466"}],"wp:attachment":[{"href":"https:\/\/cdnoticias.com\/index.php\/wp-json\/wp\/v2\/media?parent=111729"}],"wp:term":[{"taxonomy":"category","embeddable":true,"href":"https:\/\/cdnoticias.com\/index.php\/wp-json\/wp\/v2\/categories?post=111729"},{"taxonomy":"post_tag","embeddable":true,"href":"https:\/\/cdnoticias.com\/index.php\/wp-json\/wp\/v2\/tags?post=111729"}],"curies":[{"name":"wp","href":"https:\/\/api.w.org\/{rel}","templated":true}]}}