{"id":111716,"date":"2024-03-18T16:21:56","date_gmt":"2024-03-18T19:21:56","guid":{"rendered":"https:\/\/cdnoticias.com\/?p=111716"},"modified":"2024-03-18T16:21:58","modified_gmt":"2024-03-18T19:21:58","slug":"hubo-olvido-de-muchas-obras-que-deberian-haberse-sostenido-en-el-tiempo-y-que-no-se-han-sostenido","status":"publish","type":"post","link":"https:\/\/cdnoticias.com\/index.php\/2024\/03\/18\/hubo-olvido-de-muchas-obras-que-deberian-haberse-sostenido-en-el-tiempo-y-que-no-se-han-sostenido\/","title":{"rendered":"\u201cHubo olvido de muchas obras que deber\u00edan haberse sostenido en el tiempo y que no se han sostenido\u201d"},"content":{"rendered":"\n<p>La Jefa de Gabinete Mercedes Land\u00edvar indic\u00f3 que detectaron \u201cfalta de mantenimiento, pero no de ahora, de mucho tiempo\u201d y de obras que \u201cno est\u00e1n correctamente realizadas\u201d como en barrio Carlos Pellegrini. 16 equipos municipales trabajan en las zonas a\u00fan anegadas.<\/p>\n\n\n\n<hr class=\"wp-block-separator aligncenter has-alpha-channel-opacity\"\/>\n\n\n\n<p>En la conferencia de prensa de la mesa multisectorial por la Emergencia en el Partido tras los importantes anegamientos por la lluvia<strong>, la Jefa de Gabinete Mercedes Land\u00edvar explic\u00f3 los alcances de la declaraci\u00f3n de Emergencia, sumado a varias situaciones \u201cde hace mucho tiempo\u201d que gener\u00f3 esta situaci\u00f3n m\u00e1s all\u00e1 de la gran ca\u00edda de agua en la madrugada.<\/strong><\/p>\n\n\n\n<p>Explic\u00f3 que <strong>la declaraci\u00f3n de emergencia se dictamin\u00f3<\/strong> porque <em>\u201ctenemos que hacer contrataciones directas, compras directas necesarias para poder asistir a las familias y en el caso de cuestiones de obras p\u00fablicas tambi\u00e9n poder contratar empresas que puedan resolver r\u00e1pidamente algunas situaciones\u201d.<\/em><\/p>\n\n\n\n<p>Aprovech\u00f3 para dejar en claro que hubo <em><strong>\u201colvido de muchas obras que deber\u00edan haberse sostenido en el tiempo y que no se han sostenido y nosotros en el corto tiempo no podemos resolverlas\u201d.<\/strong><\/em><\/p>\n\n\n\n<figure class=\"wp-block-image size-large\"><img data-recalc-dims=\"1\" loading=\"lazy\" decoding=\"async\" width=\"800\" height=\"445\" src=\"https:\/\/i0.wp.com\/cdnoticias.com\/wp-content\/uploads\/2024\/03\/conferencia-landivar1.jpg?resize=800%2C445&#038;ssl=1\" alt=\"\" class=\"wp-image-111703\" srcset=\"https:\/\/i0.wp.com\/cdnoticias.com\/wp-content\/uploads\/2024\/03\/conferencia-landivar1-scaled.jpg?resize=1024%2C570&amp;ssl=1 1024w, https:\/\/i0.wp.com\/cdnoticias.com\/wp-content\/uploads\/2024\/03\/conferencia-landivar1-scaled.jpg?resize=300%2C167&amp;ssl=1 300w, https:\/\/i0.wp.com\/cdnoticias.com\/wp-content\/uploads\/2024\/03\/conferencia-landivar1-scaled.jpg?resize=768%2C427&amp;ssl=1 768w, https:\/\/i0.wp.com\/cdnoticias.com\/wp-content\/uploads\/2024\/03\/conferencia-landivar1-scaled.jpg?resize=1536%2C855&amp;ssl=1 1536w, https:\/\/i0.wp.com\/cdnoticias.com\/wp-content\/uploads\/2024\/03\/conferencia-landivar1-scaled.jpg?resize=2048%2C1140&amp;ssl=1 2048w, https:\/\/i0.wp.com\/cdnoticias.com\/wp-content\/uploads\/2024\/03\/conferencia-landivar1-scaled.jpg?resize=800%2C445&amp;ssl=1 800w, https:\/\/i0.wp.com\/cdnoticias.com\/wp-content\/uploads\/2024\/03\/conferencia-landivar1-scaled.jpg?w=1600&amp;ssl=1 1600w, https:\/\/i0.wp.com\/cdnoticias.com\/wp-content\/uploads\/2024\/03\/conferencia-landivar1-scaled.jpg?w=2400&amp;ssl=1 2400w\" sizes=\"auto, (max-width: 800px) 100vw, 800px\" \/><\/figure>\n\n\n\n<blockquote class=\"wp-block-quote is-layout-flow wp-block-quote-is-layout-flow\">\n<p>\u201cObviamente en el marco de esta emergencia vamos a hacer lo imposible para por lo menos tratar de mejorar un poco la situaci\u00f3n que est\u00e1n atravesando vecinos como los del barrio Bel\u00e9n, el barrio Eucaliptus, el barrio Villa Aurora que les est\u00e1 entrando agua producto de la falta de mantenimiento pero no de ahora, de mucho tiempo y de obras como por ejemplo el barrio Carlos Pellegrini que -ya es de p\u00fablico conocimiento- no est\u00e1n correctamente realizadas y eso tambi\u00e9n produce lo que lo que est\u00e1n viviendo los vecinos y vecinas\u201d.<\/p>\n<\/blockquote>\n\n\n\n<p>Se\u00f1al\u00f3 que por la gran cantidad de familias damnificadas<em><strong> \u201cnecesitamos la colaboraci\u00f3n de la comunidad para poder reforzar todo lo que sea alimentos, colchones en buen estado que tengan las familias, frazadas\u201d.<\/strong><\/em><\/p>\n\n\n\n<p><em><strong>\u201cLos lugares que m\u00e1s dificultades tienen en este momento -me puedo estar olvidando de alguno- pero es el barrio Carlos Pellegrini, Acupo I, Bel\u00e9n, Eucaliptus, Cuarteles, La Loma, Provincias Argentinas, Perito Moreno, Villa Aurora Sur, Hinojo y Sierras Bayas. Seguramente por ah\u00ed hay que reforzar alg\u00fan lugar m\u00e1s pero tambi\u00e9n para que los vecinos conozcan cu\u00e1l es la situaci\u00f3n hoy en el partido de Olavarr\u00eda\u201d.<\/strong><\/em><\/p>\n\n\n\n<p>A continuaci\u00f3n y antes de pasar a la explicaci\u00f3n t\u00e9cnica, el secretario de Obras P\u00fablicas, Orfel Fari\u00f1a, agreg\u00f3 que<em><strong> \u201cagregar\u00edamos CECO I, Colon y Alberdi, que es una zona que tambi\u00e9n estuvo muy complicada. Tenemos problemas en Loma de Paz. El predio de Loma de Paz tuvo que suspender hoy todos sus servicios. Porque est\u00e1 completamente anegado\u201d.<\/strong><\/em><\/p>\n\n\n\n<p class=\"has-large-font-size\">Equipos en el territorio<\/p>\n\n\n\n<figure class=\"wp-block-image size-large\"><img data-recalc-dims=\"1\" loading=\"lazy\" decoding=\"async\" width=\"800\" height=\"600\" src=\"https:\/\/i0.wp.com\/cdnoticias.com\/wp-content\/uploads\/2024\/03\/WhatsApp-Image-2024-03-18-at-15.47.23.jpeg?resize=800%2C600&#038;ssl=1\" alt=\"\" class=\"wp-image-111712\" srcset=\"https:\/\/i0.wp.com\/cdnoticias.com\/wp-content\/uploads\/2024\/03\/WhatsApp-Image-2024-03-18-at-15.47.23.jpeg?resize=1024%2C768&amp;ssl=1 1024w, https:\/\/i0.wp.com\/cdnoticias.com\/wp-content\/uploads\/2024\/03\/WhatsApp-Image-2024-03-18-at-15.47.23.jpeg?resize=300%2C225&amp;ssl=1 300w, https:\/\/i0.wp.com\/cdnoticias.com\/wp-content\/uploads\/2024\/03\/WhatsApp-Image-2024-03-18-at-15.47.23.jpeg?resize=768%2C576&amp;ssl=1 768w, https:\/\/i0.wp.com\/cdnoticias.com\/wp-content\/uploads\/2024\/03\/WhatsApp-Image-2024-03-18-at-15.47.23.jpeg?resize=1536%2C1152&amp;ssl=1 1536w, https:\/\/i0.wp.com\/cdnoticias.com\/wp-content\/uploads\/2024\/03\/WhatsApp-Image-2024-03-18-at-15.47.23.jpeg?w=1600&amp;ssl=1 1600w\" sizes=\"auto, (max-width: 800px) 100vw, 800px\" \/><\/figure>\n\n\n\n<p>Mientras tanto, <strong>se inform\u00f3 oficialmente el trabajo de 16 equipos, cada uno integrado por 5 personas entre funcionarios, personal del municipio y voluntarios, haciendo un relevamiento en: Hinojo, Sierras Bayas, Sierra Chica, barrio Carlos Pellegrini, SCAC, Acupo I, Bel\u00e9n, Eucaliptus, Cuarteles, La Loma, Provincias Argentinas, Villa Aurora Sur, Perito Moreno y las inmediaciones de Col\u00f3n y La Rioja y Col\u00f3n y Alberdi.<\/strong><\/p>\n\n\n\n<p>Se indic\u00f3 que <em><strong>\u201ccontinuar\u00e1n por los diferentes barrios y localidades\u201d.<\/strong><\/em><\/p>\n","protected":false},"excerpt":{"rendered":"<p>La Jefa de Gabinete Mercedes Land\u00edvar indic\u00f3 que detectaron \u201cfalta de mantenimiento, pero no de ahora, de mucho tiempo\u201d y<\/p>\n","protected":false},"author":2,"featured_media":111702,"comment_status":"closed","ping_status":"closed","sticky":false,"template":"","format":"standard","meta":{"_jetpack_memberships_contains_paid_content":false,"footnotes":""},"categories":[5,1],"tags":[],"class_list":["post-111716","post","type-post","status-publish","format-standard","has-post-thumbnail","hentry","category-informacion-general","category-portada"],"jetpack_featured_media_url":"https:\/\/i0.wp.com\/cdnoticias.com\/wp-content\/uploads\/2024\/03\/conferencia-landivar-scaled.jpg?fit=2560%2C1424&ssl=1","jetpack_sharing_enabled":true,"_links":{"self":[{"href":"https:\/\/cdnoticias.com\/index.php\/wp-json\/wp\/v2\/posts\/111716","targetHints":{"allow":["GET"]}}],"collection":[{"href":"https:\/\/cdnoticias.com\/index.php\/wp-json\/wp\/v2\/posts"}],"about":[{"href":"https:\/\/cdnoticias.com\/index.php\/wp-json\/wp\/v2\/types\/post"}],"author":[{"embeddable":true,"href":"https:\/\/cdnoticias.com\/index.php\/wp-json\/wp\/v2\/users\/2"}],"replies":[{"embeddable":true,"href":"https:\/\/cdnoticias.com\/index.php\/wp-json\/wp\/v2\/comments?post=111716"}],"version-history":[{"count":0,"href":"https:\/\/cdnoticias.com\/index.php\/wp-json\/wp\/v2\/posts\/111716\/revisions"}],"wp:featuredmedia":[{"embeddable":true,"href":"https:\/\/cdnoticias.com\/index.php\/wp-json\/wp\/v2\/media\/111702"}],"wp:attachment":[{"href":"https:\/\/cdnoticias.com\/index.php\/wp-json\/wp\/v2\/media?parent=111716"}],"wp:term":[{"taxonomy":"category","embeddable":true,"href":"https:\/\/cdnoticias.com\/index.php\/wp-json\/wp\/v2\/categories?post=111716"},{"taxonomy":"post_tag","embeddable":true,"href":"https:\/\/cdnoticias.com\/index.php\/wp-json\/wp\/v2\/tags?post=111716"}],"curies":[{"name":"wp","href":"https:\/\/api.w.org\/{rel}","templated":true}]}}