{"id":111711,"date":"2024-03-18T15:53:54","date_gmt":"2024-03-18T18:53:54","guid":{"rendered":"https:\/\/cdnoticias.com\/?p=111711"},"modified":"2024-03-18T20:27:13","modified_gmt":"2024-03-18T23:27:13","slug":"declararon-la-emergencia-en-el-partido-de-olavarria-el-intendente-wesner-hablo-sobre-el-trabajo-realizado","status":"publish","type":"post","link":"https:\/\/cdnoticias.com\/index.php\/2024\/03\/18\/declararon-la-emergencia-en-el-partido-de-olavarria-el-intendente-wesner-hablo-sobre-el-trabajo-realizado\/","title":{"rendered":"Declararon la Emergencia en el Partido de Olavarr\u00eda: el Intendente Wesner habl\u00f3 sobre el trabajo realizado"},"content":{"rendered":"\n<p>Es por la intensa lluvia de la madrugada del lunes. Se reuni\u00f3 una mesa de trabajo con m\u00faltiples sectores de la ciudad. \u201cSabemos que es desesperante en muchos casos\u201d dijo el Intendente. Trabajaron sobre la zona de \u201cEl Laguito\u201d que complejiz\u00f3 el escurrimiento de agua.<\/p>\n\n\n\n<hr class=\"wp-block-separator aligncenter has-alpha-channel-opacity\"\/>\n\n\n\n<p>En el mediod\u00eda de este lunes, <strong>el Intendente Maximiliano Wesner encabez\u00f3 una conferencia de prensa junto a integrantes de su gabinete y de diversas instituciones y organismos locales para dar cuenta del trabajo realizado en las \u00faltimas horas luego de las intensas lluvias de la madrugada<\/strong>, con varios sectores de la ciudad y las localidades gravemente anegados.<\/p>\n\n\n\n<p>Por esta situaci\u00f3n, <strong>declararon mediante un decreto la Emergencia en el Partido de Olavarr\u00eda<\/strong>, herramienta que permite hacer contrataciones directas y avanzar de forma m\u00e1s r\u00e1pida en la asistencia a los vecinos damnificados por los m\u00e1s de 116 mil\u00edmetros ca\u00eddos en pocas horas.<\/p>\n\n\n\n<figure class=\"wp-block-image size-large\"><img data-recalc-dims=\"1\" loading=\"lazy\" decoding=\"async\" width=\"800\" height=\"600\" src=\"https:\/\/i0.wp.com\/cdnoticias.com\/wp-content\/uploads\/2024\/03\/WhatsApp-Image-2024-03-18-at-15.47.24.jpeg?resize=800%2C600&#038;ssl=1\" alt=\"\" class=\"wp-image-111713\" srcset=\"https:\/\/i0.wp.com\/cdnoticias.com\/wp-content\/uploads\/2024\/03\/WhatsApp-Image-2024-03-18-at-15.47.24.jpeg?resize=1024%2C768&amp;ssl=1 1024w, https:\/\/i0.wp.com\/cdnoticias.com\/wp-content\/uploads\/2024\/03\/WhatsApp-Image-2024-03-18-at-15.47.24.jpeg?resize=300%2C225&amp;ssl=1 300w, https:\/\/i0.wp.com\/cdnoticias.com\/wp-content\/uploads\/2024\/03\/WhatsApp-Image-2024-03-18-at-15.47.24.jpeg?resize=768%2C576&amp;ssl=1 768w, https:\/\/i0.wp.com\/cdnoticias.com\/wp-content\/uploads\/2024\/03\/WhatsApp-Image-2024-03-18-at-15.47.24.jpeg?resize=1536%2C1152&amp;ssl=1 1536w, https:\/\/i0.wp.com\/cdnoticias.com\/wp-content\/uploads\/2024\/03\/WhatsApp-Image-2024-03-18-at-15.47.24.jpeg?w=1600&amp;ssl=1 1600w\" sizes=\"auto, (max-width: 800px) 100vw, 800px\" \/><\/figure>\n\n\n\n<p>Wesner indic\u00f3 que la mesa de trabajo fue <em>\u201cde abordaje integral con todos los actores que estamos sentados aqu\u00ed, en un estado de emergencia por una situaci\u00f3n clim\u00e1tica extraordinaria donde han ca\u00eddo en nuestro partido m\u00e1s de 116 mil\u00edmetros en muy pocas horas y eso ha ocasionado que much\u00edsimos barrios de Olavarr\u00eda se vean bajo una situaci\u00f3n de agua pr\u00e1cticamente absoluta en los cuales estamos trabajando\u201d.<\/em><\/p>\n\n\n\n<p><strong>Se\u00f1al\u00f3 que recorri\u00f3 varios de ellos, tanto en barrio Carlos Pellegrini, Villa Aurora, en Barrio Bel\u00e9n, en barrio Eucaliptus <\/strong><em>\u201cy todo el equipo, todo el gabinete y los funcionarios han estado permanentemente en la calle visitando cada una de las familias, en los casos que requieren situaciones muy particulares de necesidades, como colchones, alimentos, agua y dem\u00e1s, pero tambi\u00e9n tratando de darle curso al agua con la Secretar\u00eda de Obras P\u00fablicas\u201d.<\/em><\/p>\n\n\n\n<blockquote class=\"wp-block-quote is-layout-flow wp-block-quote-is-layout-flow\">\n<p>\u201cTodas las m\u00e1quinas municipales y las empresas que hemos contratado est\u00e1n trabajando en este momento. Ya lo ven\u00edan haciendo, pero contin\u00faan haci\u00e9ndolo y van a estar toda la semana en la calle\u201d.<\/p>\n<\/blockquote>\n\n\n\n<p>Describi\u00f3 la situaci\u00f3n como \u201cvariable\u201d. <strong>Algunas cuestiones <em>\u201ctienen que ver con obras y mantenimiento de much\u00edsimos a\u00f1os que hacen que las aguas no salgan por los canales. Y cuando salen por los canales en algunos casos genera un rebalse\u201d.<\/em><\/strong><\/p>\n\n\n\n<figure class=\"wp-block-image size-large\"><img data-recalc-dims=\"1\" loading=\"lazy\" decoding=\"async\" width=\"800\" height=\"445\" src=\"https:\/\/i0.wp.com\/cdnoticias.com\/wp-content\/uploads\/2024\/03\/conferencia-wesner.jpg?resize=800%2C445&#038;ssl=1\" alt=\"\" class=\"wp-image-111709\" srcset=\"https:\/\/i0.wp.com\/cdnoticias.com\/wp-content\/uploads\/2024\/03\/conferencia-wesner-scaled.jpg?resize=1024%2C570&amp;ssl=1 1024w, https:\/\/i0.wp.com\/cdnoticias.com\/wp-content\/uploads\/2024\/03\/conferencia-wesner-scaled.jpg?resize=300%2C167&amp;ssl=1 300w, https:\/\/i0.wp.com\/cdnoticias.com\/wp-content\/uploads\/2024\/03\/conferencia-wesner-scaled.jpg?resize=768%2C427&amp;ssl=1 768w, https:\/\/i0.wp.com\/cdnoticias.com\/wp-content\/uploads\/2024\/03\/conferencia-wesner-scaled.jpg?resize=1536%2C855&amp;ssl=1 1536w, https:\/\/i0.wp.com\/cdnoticias.com\/wp-content\/uploads\/2024\/03\/conferencia-wesner-scaled.jpg?resize=2048%2C1140&amp;ssl=1 2048w, https:\/\/i0.wp.com\/cdnoticias.com\/wp-content\/uploads\/2024\/03\/conferencia-wesner-scaled.jpg?resize=800%2C445&amp;ssl=1 800w, https:\/\/i0.wp.com\/cdnoticias.com\/wp-content\/uploads\/2024\/03\/conferencia-wesner-scaled.jpg?w=1600&amp;ssl=1 1600w, https:\/\/i0.wp.com\/cdnoticias.com\/wp-content\/uploads\/2024\/03\/conferencia-wesner-scaled.jpg?w=2400&amp;ssl=1 2400w\" sizes=\"auto, (max-width: 800px) 100vw, 800px\" \/><\/figure>\n\n\n\n<p>El foco principal del inconveniente fue \u201c<em><strong>un canal que est\u00e1 obstruido en la altura de El Laguito ah\u00ed en el arroyo San Jacinto, y en la zona del aut\u00f3dromo estamos haciendo un trabajo importante ah\u00ed para que puedan evacuar todos los barrios de la zona\u201d.<\/strong><\/em><\/p>\n\n\n\n<p>Wesner se mostr\u00f3 conmovido <em><strong>\u201ccuando se recorren las calles, conmueve cuando se entra a una casa que tienen en algunos casos 60, 70 cent\u00edmetros de agua y por eso es esta mesa interdisciplinaria que hemos hecho\u201d.<\/strong><\/em><\/p>\n\n\n\n<p>En la mesa fueron convocadas<em> \u201clas empresas con quienes tenemos concesionados los servicios p\u00fablicos, a las fuerzas de seguridad, he convocado al gabinete, pero tambi\u00e9n a representantes de los clubes, en este caso de la Uni\u00f3n de Clubes y tambi\u00e9n a diferentes actores que la verdad aportaron much\u00edsimo en la reuni\u00f3n y por eso es la conferencia de prensa\u201d.<\/em><\/p>\n\n\n\n<p>Wesner pidi\u00f3 \u201c<em><strong>llevar tranquilidad a toda la comunidad de que el Hospital y tema de salud est\u00e1 funcionando. S\u00ed recomendar y hemos recomendado mediante placas en redes sociales y en la p\u00e1gina oficial del Municipio tratar de evitar la circulaci\u00f3n cuando no es necesario, desde Jefatura Distrital se han suspendido las clases para evitar todo tipo de circulaci\u00f3n en todo el partido de Olavarr\u00eda<\/strong><\/em>\u201d.<\/p>\n\n\n\n<p>A su vez, dijo que permanecer\u00e1n abiertos<strong> centros asistenciales durante todo el d\u00eda como el Servicio Territorial N\u00famero 1, 2, 4, el CIC y tambi\u00e9n el NIDO del barrio Magdalena,<\/strong> <em>\u201cdonde cualquier familia que necesite una asistencia pueda acercarse, hemos tratado con ellos de darle un abordaje territorial en t\u00e9rminos geogr\u00e1ficos que pueda brindar soluciones cercanas a cada domicilio de cada una de las que as\u00ed lo requiera\u201d.<\/em><\/p>\n\n\n\n<figure class=\"wp-block-image size-large\"><img data-recalc-dims=\"1\" loading=\"lazy\" decoding=\"async\" width=\"800\" height=\"600\" src=\"https:\/\/i0.wp.com\/cdnoticias.com\/wp-content\/uploads\/2024\/03\/WhatsApp-Image-2024-03-18-at-15.47.23.jpeg?resize=800%2C600&#038;ssl=1\" alt=\"\" class=\"wp-image-111712\" srcset=\"https:\/\/i0.wp.com\/cdnoticias.com\/wp-content\/uploads\/2024\/03\/WhatsApp-Image-2024-03-18-at-15.47.23.jpeg?resize=1024%2C768&amp;ssl=1 1024w, https:\/\/i0.wp.com\/cdnoticias.com\/wp-content\/uploads\/2024\/03\/WhatsApp-Image-2024-03-18-at-15.47.23.jpeg?resize=300%2C225&amp;ssl=1 300w, https:\/\/i0.wp.com\/cdnoticias.com\/wp-content\/uploads\/2024\/03\/WhatsApp-Image-2024-03-18-at-15.47.23.jpeg?resize=768%2C576&amp;ssl=1 768w, https:\/\/i0.wp.com\/cdnoticias.com\/wp-content\/uploads\/2024\/03\/WhatsApp-Image-2024-03-18-at-15.47.23.jpeg?resize=1536%2C1152&amp;ssl=1 1536w, https:\/\/i0.wp.com\/cdnoticias.com\/wp-content\/uploads\/2024\/03\/WhatsApp-Image-2024-03-18-at-15.47.23.jpeg?w=1600&amp;ssl=1 1600w\" sizes=\"auto, (max-width: 800px) 100vw, 800px\" \/><\/figure>\n\n\n\n<p><br>En materia de obras, est\u00e1n trabajando con maquinarias en <em>\u201ccada uno de los puntos de la ciudad que requiere limpieza de canal, limpieza de sumidero. Est\u00e1 presente el titular de la firma Malvinas que reci\u00e9n aportaba en la reuni\u00f3n de que se est\u00e1n limpiando todos los sumideros para poder garantizar el escurrimiento del agua de manera m\u00e1s r\u00e1pida, m\u00e1s \u00e1gil, previendo que el pron\u00f3stico anuncia lluvias para hoy y ma\u00f1ana con lo cual vamos a estar comunicando posteriormente <strong>donde los vecinos y vecinas que puedan arrimar y acercar alg\u00fan tipo de donaci\u00f3n que recibiremos en cada uno de los clubes que est\u00e1n a disposici\u00f3n y van a estar a disposici\u00f3n abierto hasta las 22 horas<\/strong>\u201d.<\/em><\/p>\n\n\n\n<p><strong>Se trata del club Mariano Moreno, Pueblo Nuevo, El Provincial, El Fort\u00edn, Estudiantes, Loma Negra y la sede de Bomberos en Hinojo, dado que el club fue uno de los perjudicados por los anegamientos.<\/strong><\/p>\n\n\n\n<figure class=\"wp-block-image size-large\"><img data-recalc-dims=\"1\" loading=\"lazy\" decoding=\"async\" width=\"800\" height=\"800\" src=\"https:\/\/i0.wp.com\/cdnoticias.com\/wp-content\/uploads\/2024\/03\/WhatsApp-Image-2024-03-18-at-15.20.52.jpeg?resize=800%2C800&#038;ssl=1\" alt=\"\" class=\"wp-image-111714\" srcset=\"https:\/\/i0.wp.com\/cdnoticias.com\/wp-content\/uploads\/2024\/03\/WhatsApp-Image-2024-03-18-at-15.20.52.jpeg?resize=1024%2C1024&amp;ssl=1 1024w, https:\/\/i0.wp.com\/cdnoticias.com\/wp-content\/uploads\/2024\/03\/WhatsApp-Image-2024-03-18-at-15.20.52.jpeg?resize=300%2C300&amp;ssl=1 300w, https:\/\/i0.wp.com\/cdnoticias.com\/wp-content\/uploads\/2024\/03\/WhatsApp-Image-2024-03-18-at-15.20.52.jpeg?resize=150%2C150&amp;ssl=1 150w, https:\/\/i0.wp.com\/cdnoticias.com\/wp-content\/uploads\/2024\/03\/WhatsApp-Image-2024-03-18-at-15.20.52.jpeg?resize=768%2C768&amp;ssl=1 768w, https:\/\/i0.wp.com\/cdnoticias.com\/wp-content\/uploads\/2024\/03\/WhatsApp-Image-2024-03-18-at-15.20.52.jpeg?resize=1536%2C1536&amp;ssl=1 1536w, https:\/\/i0.wp.com\/cdnoticias.com\/wp-content\/uploads\/2024\/03\/WhatsApp-Image-2024-03-18-at-15.20.52.jpeg?w=1600&amp;ssl=1 1600w\" sizes=\"auto, (max-width: 800px) 100vw, 800px\" \/><\/figure>\n\n\n\n<blockquote class=\"wp-block-quote is-layout-flow wp-block-quote-is-layout-flow\">\n<p>\u201cSabemos que es necesario, sabemos que es urgente y sabemos la predisposici\u00f3n de toda la poblaci\u00f3n: ya lo vivimos en esa semana del 11 de diciembre donde tuvimos tres temporales en 72 horas y la respuesta de la comunidad fue m\u00e1s que positiva\u201d agreg\u00f3 Wesner y se mostr\u00f3 agradecido \u201cdesde el Municipio para con todos ellos porque demuestra la solidaridad cada uno de los vecinos\u201d.<\/p>\n<\/blockquote>\n\n\n\n<p>Se\u00f1al\u00f3 que saben <em>\u201cque es desesperante en muchos casos. Me toc\u00f3 estar presente en varias viviendas muy temprano y estar al lado de cada una de las familias pero despu\u00e9s de la escucha viene la el acci\u00f3n y ya estamos trabajando desde la Secretar\u00eda de Desarrollo de la Comunidad, puntualmente asistiendo a cada una de esas familias que m\u00e1s lo requieren, por eso vamos a continuar haci\u00e9ndolo en el d\u00eda de hoy y en el d\u00eda de ma\u00f1ana de manera urgente y estando 24 horas a disposici\u00f3n de todos los vecinos y vecinas del partido de Olavarr\u00eda\u201d.<\/em><\/p>\n\n\n\n<p>Agradeci\u00f3 a los medios y la comunidad<em><strong> \u201cen este momento tan dif\u00edcil para much\u00edsimas familias olavarrienses\u201d <\/strong><\/em>y les envi\u00f3<em> \u201cun c\u00e1lido abrazo a todas ellas\u201d. <\/em>Finalmente, pidi\u00f3<em><strong> \u201cque se comunicar\u00e1 en los canales oficiales los tel\u00e9fonos que vamos a estar aportando para seguir teniendo ese permanente contacto y llevar soluciones desde el Municipio\u201d.<\/strong><\/em><\/p>\n","protected":false},"excerpt":{"rendered":"<p>Es por la intensa lluvia de la madrugada del lunes. Se reuni\u00f3 una mesa de trabajo con m\u00faltiples sectores de<\/p>\n","protected":false},"author":2,"featured_media":111710,"comment_status":"closed","ping_status":"closed","sticky":false,"template":"","format":"standard","meta":{"_jetpack_memberships_contains_paid_content":false,"footnotes":""},"categories":[5,1],"tags":[],"class_list":["post-111711","post","type-post","status-publish","format-standard","has-post-thumbnail","hentry","category-informacion-general","category-portada"],"jetpack_featured_media_url":"https:\/\/i0.wp.com\/cdnoticias.com\/wp-content\/uploads\/2024\/03\/conferencia-wesner1-scaled.jpg?fit=2560%2C1424&ssl=1","jetpack_sharing_enabled":true,"_links":{"self":[{"href":"https:\/\/cdnoticias.com\/index.php\/wp-json\/wp\/v2\/posts\/111711","targetHints":{"allow":["GET"]}}],"collection":[{"href":"https:\/\/cdnoticias.com\/index.php\/wp-json\/wp\/v2\/posts"}],"about":[{"href":"https:\/\/cdnoticias.com\/index.php\/wp-json\/wp\/v2\/types\/post"}],"author":[{"embeddable":true,"href":"https:\/\/cdnoticias.com\/index.php\/wp-json\/wp\/v2\/users\/2"}],"replies":[{"embeddable":true,"href":"https:\/\/cdnoticias.com\/index.php\/wp-json\/wp\/v2\/comments?post=111711"}],"version-history":[{"count":0,"href":"https:\/\/cdnoticias.com\/index.php\/wp-json\/wp\/v2\/posts\/111711\/revisions"}],"wp:featuredmedia":[{"embeddable":true,"href":"https:\/\/cdnoticias.com\/index.php\/wp-json\/wp\/v2\/media\/111710"}],"wp:attachment":[{"href":"https:\/\/cdnoticias.com\/index.php\/wp-json\/wp\/v2\/media?parent=111711"}],"wp:term":[{"taxonomy":"category","embeddable":true,"href":"https:\/\/cdnoticias.com\/index.php\/wp-json\/wp\/v2\/categories?post=111711"},{"taxonomy":"post_tag","embeddable":true,"href":"https:\/\/cdnoticias.com\/index.php\/wp-json\/wp\/v2\/tags?post=111711"}],"curies":[{"name":"wp","href":"https:\/\/api.w.org\/{rel}","templated":true}]}}