{"id":111639,"date":"2024-03-17T11:56:08","date_gmt":"2024-03-17T14:56:08","guid":{"rendered":"https:\/\/cdnoticias.com\/?p=111639"},"modified":"2024-03-17T19:06:57","modified_gmt":"2024-03-17T22:06:57","slug":"lunes-y-martes-con-alertas-por-tormenta-en-olavarria","status":"publish","type":"post","link":"https:\/\/cdnoticias.com\/index.php\/2024\/03\/17\/lunes-y-martes-con-alertas-por-tormenta-en-olavarria\/","title":{"rendered":"Lunes y martes con alertas por tormenta en Olavarr\u00eda"},"content":{"rendered":"<p>El Servicio Meteorol\u00f3gico Nacional emiti\u00f3 una alerta nivel amarillo para nuestra ciudad y la zona.<!--more--><\/p>\n<hr \/>\n<p>Termina el fin de semana y vuelven las<strong> alertas por tormentas para Olavarr\u00eda y la zona.<\/strong> En esta oportunidad se trata del <strong>nivel amarillo<\/strong> que advierte sobre posibles fen\u00f3menos meteorol\u00f3gicos con capacidad de da\u00f1o y riesgo de interrupci\u00f3n moment\u00e1nea de actividades cotidianas.<\/p>\n<p>El Servicio Meteorol\u00f3gico Nacional (SMN) especific\u00f3 que <strong>tanto el lunes por la ma\u00f1ana como el martes por la tarde, Olavarr\u00eda se ver\u00e1 afectada por tormentas, \u201calgunas localmente fuertes\u201d.<\/strong><\/p>\n<p>Este fen\u00f3meno podr\u00e1 estar acompa\u00f1ado por \u201cr\u00e1fagas intensas, importante actividad el\u00e9ctrica, ocasional ca\u00edda de granizo y principalmente abundante ca\u00edda de agua en cortos per\u00edodos\u201d.<\/p>\n<p>Adem\u00e1s, \u201cse estiman valores de precipitaci\u00f3n acumulada entre 30 y 70 mm, pudiendo ser superados en forma puntual\u201d.<\/p>\n<p><img data-recalc-dims=\"1\" loading=\"lazy\" decoding=\"async\" class=\"alignnone size-full wp-image-111640\" src=\"https:\/\/i0.wp.com\/cdnoticias.com\/wp-content\/uploads\/2024\/03\/pronostico.jpg?resize=800%2C445&#038;ssl=1\" alt=\"\" width=\"800\" height=\"445\" srcset=\"https:\/\/i0.wp.com\/cdnoticias.com\/wp-content\/uploads\/2024\/03\/pronostico.jpg?w=800&amp;ssl=1 800w, https:\/\/i0.wp.com\/cdnoticias.com\/wp-content\/uploads\/2024\/03\/pronostico.jpg?resize=300%2C167&amp;ssl=1 300w, https:\/\/i0.wp.com\/cdnoticias.com\/wp-content\/uploads\/2024\/03\/pronostico.jpg?resize=768%2C427&amp;ssl=1 768w\" sizes=\"auto, (max-width: 800px) 100vw, 800px\" \/><\/p>\n<p>En tanto, la temperatura <strong>m\u00ednima prevista para el lunes es de 21\u00b0 y una m\u00e1xima de 27\u00b0<\/strong>. Por otra parte, <strong>el martes se presentar\u00e1 con una m\u00ednima tambi\u00e9n de 21\u00b0 y una m\u00e1xima de 26\u00b0.<\/strong><\/p>\n","protected":false},"excerpt":{"rendered":"<p>El Servicio Meteorol\u00f3gico Nacional emiti\u00f3 una alerta nivel amarillo para nuestra ciudad y la zona.<\/p>\n","protected":false},"author":2,"featured_media":108155,"comment_status":"closed","ping_status":"closed","sticky":false,"template":"","format":"standard","meta":{"_jetpack_memberships_contains_paid_content":false,"footnotes":""},"categories":[5,1],"tags":[],"class_list":["post-111639","post","type-post","status-publish","format-standard","has-post-thumbnail","hentry","category-informacion-general","category-portada"],"jetpack_featured_media_url":"https:\/\/i0.wp.com\/cdnoticias.com\/wp-content\/uploads\/2024\/02\/tormenta-tiempo-clima.jpg?fit=800%2C445&ssl=1","jetpack_sharing_enabled":true,"_links":{"self":[{"href":"https:\/\/cdnoticias.com\/index.php\/wp-json\/wp\/v2\/posts\/111639","targetHints":{"allow":["GET"]}}],"collection":[{"href":"https:\/\/cdnoticias.com\/index.php\/wp-json\/wp\/v2\/posts"}],"about":[{"href":"https:\/\/cdnoticias.com\/index.php\/wp-json\/wp\/v2\/types\/post"}],"author":[{"embeddable":true,"href":"https:\/\/cdnoticias.com\/index.php\/wp-json\/wp\/v2\/users\/2"}],"replies":[{"embeddable":true,"href":"https:\/\/cdnoticias.com\/index.php\/wp-json\/wp\/v2\/comments?post=111639"}],"version-history":[{"count":0,"href":"https:\/\/cdnoticias.com\/index.php\/wp-json\/wp\/v2\/posts\/111639\/revisions"}],"wp:featuredmedia":[{"embeddable":true,"href":"https:\/\/cdnoticias.com\/index.php\/wp-json\/wp\/v2\/media\/108155"}],"wp:attachment":[{"href":"https:\/\/cdnoticias.com\/index.php\/wp-json\/wp\/v2\/media?parent=111639"}],"wp:term":[{"taxonomy":"category","embeddable":true,"href":"https:\/\/cdnoticias.com\/index.php\/wp-json\/wp\/v2\/categories?post=111639"},{"taxonomy":"post_tag","embeddable":true,"href":"https:\/\/cdnoticias.com\/index.php\/wp-json\/wp\/v2\/tags?post=111639"}],"curies":[{"name":"wp","href":"https:\/\/api.w.org\/{rel}","templated":true}]}}