{"id":111636,"date":"2024-03-17T11:17:35","date_gmt":"2024-03-17T14:17:35","guid":{"rendered":"https:\/\/cdnoticias.com\/?p=111636"},"modified":"2024-03-17T18:04:05","modified_gmt":"2024-03-17T21:04:05","slug":"circulaba-en-una-moto-robada-y-fue-aprehendido-3","status":"publish","type":"post","link":"https:\/\/cdnoticias.com\/index.php\/2024\/03\/17\/circulaba-en-una-moto-robada-y-fue-aprehendido-3\/","title":{"rendered":"Circulaba en una moto robada y fue aprehendido"},"content":{"rendered":"<p>Ocurri\u00f3 en un operativo de control policial. El conductor del veh\u00edculo es un joven de 18 a\u00f1os. Enfrenta una causa por \u201cencubrimiento\u201d.<!--more--><\/p>\n<hr \/>\n<p>Un joven de 18 a\u00f1os fue aprehendido al circular en una moto marca Mondial con un<strong> \u201cpedido de secuestro activo\u201d en una causa por \u201churto simple\u201d.<\/strong><\/p>\n<p>Seg\u00fan se inform\u00f3, personal de Motopolic\u00eda lo detuvo en el marco de un operativo de control vehicular realizado este s\u00e1bado en<strong> avenida Trabajadores y Lamadrid.<\/strong><\/p>\n<blockquote><p>El joven fue aprehendido y trasladado a la sede policial para ser notificado de la formaci\u00f3n de una causa por \u201cencubrimiento\u201d y continuar\u00e1 el proceso en libertad.<\/p><\/blockquote>\n<p>Interviene la <strong>Ayudant\u00eda Fiscal de Autores Ignorados.<\/strong><\/p>\n","protected":false},"excerpt":{"rendered":"<p>Ocurri\u00f3 en un operativo de control policial. El conductor del veh\u00edculo es un joven de 18 a\u00f1os. Enfrenta una causa<\/p>\n","protected":false},"author":2,"featured_media":111637,"comment_status":"closed","ping_status":"closed","sticky":false,"template":"","format":"standard","meta":{"_jetpack_memberships_contains_paid_content":false,"footnotes":""},"categories":[14,1],"tags":[],"class_list":["post-111636","post","type-post","status-publish","format-standard","has-post-thumbnail","hentry","category-policiales","category-portada"],"jetpack_featured_media_url":"https:\/\/i0.wp.com\/cdnoticias.com\/wp-content\/uploads\/2024\/03\/aprehendido-moto-robada.jpg?fit=800%2C445&ssl=1","jetpack_sharing_enabled":true,"_links":{"self":[{"href":"https:\/\/cdnoticias.com\/index.php\/wp-json\/wp\/v2\/posts\/111636","targetHints":{"allow":["GET"]}}],"collection":[{"href":"https:\/\/cdnoticias.com\/index.php\/wp-json\/wp\/v2\/posts"}],"about":[{"href":"https:\/\/cdnoticias.com\/index.php\/wp-json\/wp\/v2\/types\/post"}],"author":[{"embeddable":true,"href":"https:\/\/cdnoticias.com\/index.php\/wp-json\/wp\/v2\/users\/2"}],"replies":[{"embeddable":true,"href":"https:\/\/cdnoticias.com\/index.php\/wp-json\/wp\/v2\/comments?post=111636"}],"version-history":[{"count":0,"href":"https:\/\/cdnoticias.com\/index.php\/wp-json\/wp\/v2\/posts\/111636\/revisions"}],"wp:featuredmedia":[{"embeddable":true,"href":"https:\/\/cdnoticias.com\/index.php\/wp-json\/wp\/v2\/media\/111637"}],"wp:attachment":[{"href":"https:\/\/cdnoticias.com\/index.php\/wp-json\/wp\/v2\/media?parent=111636"}],"wp:term":[{"taxonomy":"category","embeddable":true,"href":"https:\/\/cdnoticias.com\/index.php\/wp-json\/wp\/v2\/categories?post=111636"},{"taxonomy":"post_tag","embeddable":true,"href":"https:\/\/cdnoticias.com\/index.php\/wp-json\/wp\/v2\/tags?post=111636"}],"curies":[{"name":"wp","href":"https:\/\/api.w.org\/{rel}","templated":true}]}}