{"id":111624,"date":"2024-03-16T20:05:53","date_gmt":"2024-03-16T23:05:53","guid":{"rendered":"https:\/\/cdnoticias.com\/?p=111624"},"modified":"2024-03-17T10:17:45","modified_gmt":"2024-03-17T13:17:45","slug":"jura-de-abogados-siete-nuevos-profesionales-de-olavarria-prestaron-juramento","status":"publish","type":"post","link":"https:\/\/cdnoticias.com\/index.php\/2024\/03\/16\/jura-de-abogados-siete-nuevos-profesionales-de-olavarria-prestaron-juramento\/","title":{"rendered":"Jura de abogados: siete nuevos profesionales de Olavarr\u00eda prestaron juramento"},"content":{"rendered":"\n<p>Fue en Azul, en un acto encabezado por la doctora Mar\u00eda Fernanda Gim\u00e9nez, presidenta del Colegio de Abogados. \u201cEl Colegio es la instituci\u00f3n que los va a respaldar y acompa\u00f1ar en el ejercicio de la profesi\u00f3n\u201d dijo.<\/p>\n\n\n\n<hr class=\"wp-block-separator aligncenter has-alpha-channel-opacity\"\/>\n\n\n\n<p>A sala llena<strong>, este viernes se llev\u00f3 a cabo la segunda jura de matriculados y matriculadas del 2024 en la sede del Colegio de Abogados del Departamento Judicial de Azul.<\/strong> All\u00ed los y las j\u00f3venes profesionales, acompa\u00f1ados por sus familiares y amigos, se comprometieron a ejercer de manera responsable la profesi\u00f3n de abogados y abogadas. <strong>Del total, siete son oriundos de Olavarr\u00eda.<\/strong><\/p>\n\n\n\n<p>Al comienzo del acto, la Presidenta del Colegio, Dra. Mar\u00eda Fernanda Gim\u00e9nez, expres\u00f3:<em> \u201cDespu\u00e9s de la \u00faltima materia que rinden en la Facultad, sabemos que este es otro evento importante en su carrera porque a partir del d\u00eda de hoy van a poder tener sus estudios o compartir estudios con otros colegas y lo van a hacer en el marco de nuestro Departamento Judicial. Eso nos pone m\u00e1s que contentos y por eso queremos invitarlos, nosotros como representantes del Consejo Directivo, a que se acerquen y se involucren\u201d.<\/em><\/p>\n\n\n\n<figure class=\"wp-block-image size-full\"><img data-recalc-dims=\"1\" loading=\"lazy\" decoding=\"async\" width=\"800\" height=\"534\" src=\"https:\/\/i0.wp.com\/cdnoticias.com\/wp-content\/uploads\/2024\/03\/Jura-15-03-24-CAA-2.jpg?resize=800%2C534&#038;ssl=1\" alt=\"\" class=\"wp-image-111626\" srcset=\"https:\/\/i0.wp.com\/cdnoticias.com\/wp-content\/uploads\/2024\/03\/Jura-15-03-24-CAA-2.jpg?w=1000&amp;ssl=1 1000w, https:\/\/i0.wp.com\/cdnoticias.com\/wp-content\/uploads\/2024\/03\/Jura-15-03-24-CAA-2.jpg?resize=300%2C200&amp;ssl=1 300w, https:\/\/i0.wp.com\/cdnoticias.com\/wp-content\/uploads\/2024\/03\/Jura-15-03-24-CAA-2.jpg?resize=768%2C512&amp;ssl=1 768w, https:\/\/i0.wp.com\/cdnoticias.com\/wp-content\/uploads\/2024\/03\/Jura-15-03-24-CAA-2.jpg?resize=272%2C182&amp;ssl=1 272w\" sizes=\"auto, (max-width: 800px) 100vw, 800px\" \/><\/figure>\n\n\n\n<p><em>\u201cTenemos una amplia oferta de actividades disponibles para que puedan sumarse, tanto virtuales como presenciales, y tambi\u00e9n est\u00e1 a disposici\u00f3n la Comisi\u00f3n de Abogac\u00eda Joven, en donde van a encontrar un espacio para poder canalizar todas las dudas que tengan, porque todos las tuvimos en alg\u00fan momento tambi\u00e9n\u201d. <\/em>Asimismo, agreg\u00f3: <em><strong>\u201cEs importante que se acerquen y nos comuniquen sus dificultades, porque el Colegio es la instituci\u00f3n que los va a respaldar y acompa\u00f1ar en el ejercicio de la profesi\u00f3n\u201d.<\/strong><\/em><\/p>\n\n\n\n<p>Sobre el final, la Presidenta del Colegio manifest\u00f3:<em> \u201cSiempre decimos que es importante que conozcan las Normas de \u00c9tica, la Ley de Ejercicio de la Profesi\u00f3n y la Ley de Honorarios. Es fundamental que como abogados sepan respetar sus honorarios, que sepan apelarlos por altos o bajos, pero sobretodo que tengan el fundamento y conozcan la ley porque, as\u00ed como defendemos los intereses de terceras personas, es importante que defendamos nuestros propios intereses\u201d.<\/em><\/p>\n\n\n\n<figure class=\"wp-block-image size-full\"><img data-recalc-dims=\"1\" loading=\"lazy\" decoding=\"async\" width=\"800\" height=\"534\" src=\"https:\/\/i0.wp.com\/cdnoticias.com\/wp-content\/uploads\/2024\/03\/Jura-15-03-24-CAA-3.jpg?resize=800%2C534&#038;ssl=1\" alt=\"\" class=\"wp-image-111625\" srcset=\"https:\/\/i0.wp.com\/cdnoticias.com\/wp-content\/uploads\/2024\/03\/Jura-15-03-24-CAA-3.jpg?w=1000&amp;ssl=1 1000w, https:\/\/i0.wp.com\/cdnoticias.com\/wp-content\/uploads\/2024\/03\/Jura-15-03-24-CAA-3.jpg?resize=300%2C200&amp;ssl=1 300w, https:\/\/i0.wp.com\/cdnoticias.com\/wp-content\/uploads\/2024\/03\/Jura-15-03-24-CAA-3.jpg?resize=768%2C512&amp;ssl=1 768w, https:\/\/i0.wp.com\/cdnoticias.com\/wp-content\/uploads\/2024\/03\/Jura-15-03-24-CAA-3.jpg?resize=272%2C182&amp;ssl=1 272w\" sizes=\"auto, (max-width: 800px) 100vw, 800px\" \/><\/figure>\n\n\n\n<p><strong>De Olavarr\u00eda juraron: Luciana Alonso Camozzi, Emilia Torres, Marianela Ail\u00e9n Barrueco, Eduardo Alberto Cataldi, Hugo Omar Leira, Christian Ram\u00f3n Bel\u00e1ustegui, Estefan\u00eda Nicole \u00c1lvarez.<\/strong><\/p>\n\n\n\n<p>De Tandil juraron: Candela Antoniano, Ana Carabajal, Manuel Cardoso y Ana Valeria G\u00f3mez.<\/p>\n\n\n\n<p>De Azul juraron: Regina Prat y Natalia Mariana Garc\u00eda.<\/p>\n\n\n\n<p>De Bol\u00edvar: Mar\u00eda Lara Hueso.<\/p>\n\n\n\n<p>De Las Flores: Lucrecia Vanina Guall\u00e1n.<\/p>\n\n\n\n<p>De Benito Ju\u00e1rez: Mar\u00eda de las Nieves Luercchio.<\/p>\n","protected":false},"excerpt":{"rendered":"<p>Fue en Azul, en un acto encabezado por la doctora Mar\u00eda Fernanda Gim\u00e9nez, presidenta del Colegio de Abogados. \u201cEl Colegio<\/p>\n","protected":false},"author":2,"featured_media":111627,"comment_status":"closed","ping_status":"closed","sticky":false,"template":"","format":"standard","meta":{"_jetpack_memberships_contains_paid_content":false,"footnotes":""},"categories":[5,1],"tags":[],"class_list":["post-111624","post","type-post","status-publish","format-standard","has-post-thumbnail","hentry","category-informacion-general","category-portada"],"jetpack_featured_media_url":"https:\/\/i0.wp.com\/cdnoticias.com\/wp-content\/uploads\/2024\/03\/Jura-15-03-24-CAA-1.jpg?fit=1000%2C667&ssl=1","jetpack_sharing_enabled":true,"_links":{"self":[{"href":"https:\/\/cdnoticias.com\/index.php\/wp-json\/wp\/v2\/posts\/111624","targetHints":{"allow":["GET"]}}],"collection":[{"href":"https:\/\/cdnoticias.com\/index.php\/wp-json\/wp\/v2\/posts"}],"about":[{"href":"https:\/\/cdnoticias.com\/index.php\/wp-json\/wp\/v2\/types\/post"}],"author":[{"embeddable":true,"href":"https:\/\/cdnoticias.com\/index.php\/wp-json\/wp\/v2\/users\/2"}],"replies":[{"embeddable":true,"href":"https:\/\/cdnoticias.com\/index.php\/wp-json\/wp\/v2\/comments?post=111624"}],"version-history":[{"count":0,"href":"https:\/\/cdnoticias.com\/index.php\/wp-json\/wp\/v2\/posts\/111624\/revisions"}],"wp:featuredmedia":[{"embeddable":true,"href":"https:\/\/cdnoticias.com\/index.php\/wp-json\/wp\/v2\/media\/111627"}],"wp:attachment":[{"href":"https:\/\/cdnoticias.com\/index.php\/wp-json\/wp\/v2\/media?parent=111624"}],"wp:term":[{"taxonomy":"category","embeddable":true,"href":"https:\/\/cdnoticias.com\/index.php\/wp-json\/wp\/v2\/categories?post=111624"},{"taxonomy":"post_tag","embeddable":true,"href":"https:\/\/cdnoticias.com\/index.php\/wp-json\/wp\/v2\/tags?post=111624"}],"curies":[{"name":"wp","href":"https:\/\/api.w.org\/{rel}","templated":true}]}}