{"id":111610,"date":"2024-03-16T16:31:04","date_gmt":"2024-03-16T19:31:04","guid":{"rendered":"https:\/\/cdnoticias.com\/?p=111610"},"modified":"2024-03-16T16:31:07","modified_gmt":"2024-03-16T19:31:07","slug":"en-el-marco-de-la-semana-de-la-memoria-llega-danza-x-la-identidad","status":"publish","type":"post","link":"https:\/\/cdnoticias.com\/index.php\/2024\/03\/16\/en-el-marco-de-la-semana-de-la-memoria-llega-danza-x-la-identidad\/","title":{"rendered":"En el marco de la Semana de la Memoria, llega \u201cDanza x la Identidad\u201d"},"content":{"rendered":"<p>Se presentar\u00e1 el jueves 21 de marzo a las 20:30 horas en el Teatro Municipal con entrada libre y gratuita.<!--more--><\/p>\n<hr \/>\n<p>Tras una gesti\u00f3n conjunta entre el Municipio de Olavarr\u00eda, a trav\u00e9s de la Subsecretar\u00eda de Cultura y Educaci\u00f3n y el Instituto Cultural de la Provincia de Buenos Aires, llega a nuestra ciudad la propuesta \u201cDanza y Memoria\u201d.<strong> Se realizar\u00e1 el jueves 21 de marzo a las 20:30 horas en el Teatro Municipal con entrada libre y gratuita.\u00a0<\/strong><\/p>\n<p>La presentaci\u00f3n est\u00e1 enmarcada en las actividades previstas por la<strong> Semana de la Memoria<\/strong> donde se presentar\u00e1 esta propuesta impulsada por Danza x la Identidad y el Programa Danza Esc\u00e9nica Bonaerense (Instituto Cultural PBA)\u201d con<strong> la obra \u201cDesaparecidos\u201d.<\/strong><\/p>\n<blockquote><p>La obra nace a partir del deseo de contar y traer a la memoria activa, desde el arte, la \u00e9poca m\u00e1s oscura que vivi\u00f3 nuestro pa\u00eds durante la \u00faltima dictadura c\u00edvico, eclesi\u00e1stica y militar. El arte como disparador que habite el ejercicio, ahora y siempre, de la memoria activa.<\/p><\/blockquote>\n<p>Danza x la Identidad apela, a trav\u00e9s de la danza, a la<strong> toma de conciencia y la acci\u00f3n transformadora<\/strong> de cada uno de nosotros, como ciudadanos de un pa\u00eds que a\u00fan no ha zanjado sus deudas hist\u00f3ricas en materia de derechos humanos, a pesar de los logros obtenidos.<\/p>\n<p>La obra pertenece a la Compa\u00f1\u00eda en C\u00edrculo, bajo la direcci\u00f3n de Carla Amenedo y Nahuel Medina. Int\u00e9rpretes: Iara Dieguez, Lucia Dieguez, Patricio Ruiz, Miriam S\u00e1nchez Marenco, Sergio Arismendi, Alma K\u00e1iser, Morena Barraza, Melina Jara, Nahuel Medina, Carla Amenedo.<\/p>\n","protected":false},"excerpt":{"rendered":"<p>Se presentar\u00e1 el jueves 21 de marzo a las 20:30 horas en el Teatro Municipal con entrada libre y gratuita.<\/p>\n","protected":false},"author":2,"featured_media":111611,"comment_status":"closed","ping_status":"closed","sticky":false,"template":"","format":"standard","meta":{"_jetpack_memberships_contains_paid_content":false,"footnotes":""},"categories":[9,1],"tags":[],"class_list":["post-111610","post","type-post","status-publish","format-standard","has-post-thumbnail","hentry","category-cultura","category-portada"],"jetpack_featured_media_url":"https:\/\/i0.wp.com\/cdnoticias.com\/wp-content\/uploads\/2024\/03\/danzaxlaidentidad.jpg?fit=800%2C445&ssl=1","jetpack_sharing_enabled":true,"_links":{"self":[{"href":"https:\/\/cdnoticias.com\/index.php\/wp-json\/wp\/v2\/posts\/111610","targetHints":{"allow":["GET"]}}],"collection":[{"href":"https:\/\/cdnoticias.com\/index.php\/wp-json\/wp\/v2\/posts"}],"about":[{"href":"https:\/\/cdnoticias.com\/index.php\/wp-json\/wp\/v2\/types\/post"}],"author":[{"embeddable":true,"href":"https:\/\/cdnoticias.com\/index.php\/wp-json\/wp\/v2\/users\/2"}],"replies":[{"embeddable":true,"href":"https:\/\/cdnoticias.com\/index.php\/wp-json\/wp\/v2\/comments?post=111610"}],"version-history":[{"count":0,"href":"https:\/\/cdnoticias.com\/index.php\/wp-json\/wp\/v2\/posts\/111610\/revisions"}],"wp:featuredmedia":[{"embeddable":true,"href":"https:\/\/cdnoticias.com\/index.php\/wp-json\/wp\/v2\/media\/111611"}],"wp:attachment":[{"href":"https:\/\/cdnoticias.com\/index.php\/wp-json\/wp\/v2\/media?parent=111610"}],"wp:term":[{"taxonomy":"category","embeddable":true,"href":"https:\/\/cdnoticias.com\/index.php\/wp-json\/wp\/v2\/categories?post=111610"},{"taxonomy":"post_tag","embeddable":true,"href":"https:\/\/cdnoticias.com\/index.php\/wp-json\/wp\/v2\/tags?post=111610"}],"curies":[{"name":"wp","href":"https:\/\/api.w.org\/{rel}","templated":true}]}}