{"id":111601,"date":"2024-03-16T10:12:08","date_gmt":"2024-03-16T13:12:08","guid":{"rendered":"https:\/\/cdnoticias.com\/?p=111601"},"modified":"2024-03-16T11:55:13","modified_gmt":"2024-03-16T14:55:13","slug":"dengue-los-casos-subieron-80-y-el-brote-se-extiende-en-el-interior-bonaerense","status":"publish","type":"post","link":"https:\/\/cdnoticias.com\/index.php\/2024\/03\/16\/dengue-los-casos-subieron-80-y-el-brote-se-extiende-en-el-interior-bonaerense\/","title":{"rendered":"Dengue: los casos subieron 80% y el brote se extiende en el interior bonaerense"},"content":{"rendered":"<p>Son 37 los municipios que tienen circulaci\u00f3n aut\u00f3ctona, la mayor\u00eda de las comunas que se sumaron esta semana pertenecen al norte bonaerense.<!--more--><\/p>\n<hr \/>\n<p>Los casos de dengue crecieron un 80% en una semana en la provincia de Buenos Aires, son 37 los municipios en brote, que ya se extiende en el interior bonaerense al sumarse adem\u00e1s de Bah\u00eda Blanca y San Pedro -que ya figuraban en el documento anterior-, Jun\u00edn, Ramallo, Rojas y San Nicol\u00e1s con circulaci\u00f3n aut\u00f3ctona. Adem\u00e1s, <strong>se reportaron 18 personas fallecidas por la enfermedad.<\/strong><\/p>\n<p>De este panorama da cuenta el nuevo bolet\u00edn epidemiol\u00f3gico del Ministerio de Salud provincial. En rigor, se inform\u00f3 que <strong>son 25.033<\/strong> los casos confirmados desde el inicio del nuevo brote,<strong> un 79,7% m\u00e1s que la semana pasada cuando se hab\u00edan reportado 13.924.<\/strong><\/p>\n<p>En relaci\u00f3n con el monitoreo de la severidad, entre los casos confirmados se identificaron<strong> 18 casos fallecidos (dos m\u00e1s que la semana pasada) y 410 con signos de alarma de dengue grave.<\/strong><\/p>\n<p>En el documento se hace especial hincapi\u00e9 en los brotes sucedidos previamente y en la <strong>circulaci\u00f3n de m\u00e1s de un serotipo<\/strong> en la provincia de Buenos Aires: <strong>DEN-2 (60,48%), DEN-1 (39,48%) y DEN-3 (0,04%).<\/strong><\/p>\n<blockquote><p>Cabe recordar que la circulaci\u00f3n simult\u00e1nea de m\u00e1s de un serotipo pone en riesgo a\u00fan m\u00e1s la salud de la poblaci\u00f3n porque si una persona enferma con un serotipo y luego vuelve a contraer dengue con otro diferente, aumenta el riesgo de padecer dengue grave, lo que puede ser mortal.<\/p><\/blockquote>\n<p>El reporte da cuenta que \u201cel total de internados fue 1.205 casos, 49 requirieron cuidados intensivos y se notificaron 18 casos fallecidos. Respecto a la distribuci\u00f3n por edades de los casos fallecidos, 1 caso fue menor de edad, 10 casos entre 18 y 56 a\u00f1os y 7 casos mayores de 60 a\u00f1os. Todos los casos ocurrieron en \u00e1reas en brote. <strong>Del total de fallecidos, 6 presentaban alguna comorbilidad registrada<\/strong>\u201d, informaron.<\/p>\n<p>El Gobierno bonaerense viene advirtiendo que se trata de la <a href=\"https:\/\/cdnoticias.com\/index.php\/2024\/02\/26\/dengue-estamos-ante-la-peor-epidemia-de-la-historia\/\" target=\"_blank\" rel=\"noopener\">peor epidemia de dengue de la historia<\/a> e insiste con las medidas de prevenci\u00f3n, al tiempo que <strong>reclama a la administraci\u00f3n nacional que profundice las campa\u00f1as.<\/strong><\/p>\n<blockquote class=\"wp-embedded-content\" data-secret=\"ACN6R9vg7X\"><p><a href=\"https:\/\/cdnoticias.com\/index.php\/2024\/03\/15\/confirman-el-primer-caso-autoctono-de-dengue-en-azul\/\">Confirman el primer caso aut\u00f3ctono de dengue en Azul<\/a><\/p><\/blockquote>\n<p><iframe loading=\"lazy\" class=\"wp-embedded-content\" sandbox=\"allow-scripts\" security=\"restricted\" style=\"position: absolute; clip: rect(1px, 1px, 1px, 1px);\" title=\"&#8220;Confirman el primer caso aut\u00f3ctono de dengue en Azul&#8221; &#8212; Central de Noticias | Olavarr\u00eda\" src=\"https:\/\/cdnoticias.com\/index.php\/2024\/03\/15\/confirman-el-primer-caso-autoctono-de-dengue-en-azul\/embed\/#?secret=DdOq7Wgal7#?secret=ACN6R9vg7X\" data-secret=\"ACN6R9vg7X\" width=\"600\" height=\"338\" frameborder=\"0\" marginwidth=\"0\" marginheight=\"0\" scrolling=\"no\"><\/iframe><\/p>\n<h2>\u00bfQu\u00e9 es el dengue y c\u00f3mo se transmite?<\/h2>\n<p>Es una enfermedad viral <strong>transmitida por la picadura del mosquito Aedes aegypti.<\/strong> Cuando el mosquito se alimenta con sangre de una persona enferma de dengue, y luego pica a otras personas, puede transmitir esta enfermedad. El contagio se produce principalmente por la <strong>picadura de los mosquitos infectados,<\/strong> nunca de forma directa de una persona a otra, ni a trav\u00e9s de objetos o de la leche materna.<\/p>\n<h2>\u00bfCu\u00e1les son los s\u00edntomas?<\/h2>\n<p>-Fiebre (38\u00b0 o m\u00e1s) acompa\u00f1ada de uno o m\u00e1s de los siguientes s\u00edntomas:<br \/>\n-Dolor de cabeza, detr\u00e1s de los ojos, muscular y\/o de articulaciones<br \/>\n-N\u00e1useas y\/o v\u00f3mitos<br \/>\n-Cansancio intenso<br \/>\n-Aparici\u00f3n de manchas en la piel<br \/>\n-Picaz\u00f3n<br \/>\n-Sangrado de nariz y\/o enc\u00edas<\/p>\n<p>Ante la presencia de fiebre y cualquiera de estos s\u00edntomas se debe acudir de manera inmediata al centro de salud m\u00e1s cercano para recibir el tratamiento adecuado.<\/p>\n<p><em>Fuente: DIB.<\/em><\/p>\n","protected":false},"excerpt":{"rendered":"<p>Son 37 los municipios que tienen circulaci\u00f3n aut\u00f3ctona, la mayor\u00eda de las comunas que se sumaron esta semana pertenecen al<\/p>\n","protected":false},"author":2,"featured_media":84112,"comment_status":"closed","ping_status":"closed","sticky":false,"template":"","format":"standard","meta":{"_jetpack_memberships_contains_paid_content":false,"footnotes":""},"categories":[6,1],"tags":[],"class_list":["post-111601","post","type-post","status-publish","format-standard","has-post-thumbnail","hentry","category-nacionales","category-portada"],"jetpack_featured_media_url":"https:\/\/i0.wp.com\/cdnoticias.com\/wp-content\/uploads\/2023\/05\/dengue.jpg?fit=800%2C445&ssl=1","jetpack_sharing_enabled":true,"_links":{"self":[{"href":"https:\/\/cdnoticias.com\/index.php\/wp-json\/wp\/v2\/posts\/111601","targetHints":{"allow":["GET"]}}],"collection":[{"href":"https:\/\/cdnoticias.com\/index.php\/wp-json\/wp\/v2\/posts"}],"about":[{"href":"https:\/\/cdnoticias.com\/index.php\/wp-json\/wp\/v2\/types\/post"}],"author":[{"embeddable":true,"href":"https:\/\/cdnoticias.com\/index.php\/wp-json\/wp\/v2\/users\/2"}],"replies":[{"embeddable":true,"href":"https:\/\/cdnoticias.com\/index.php\/wp-json\/wp\/v2\/comments?post=111601"}],"version-history":[{"count":0,"href":"https:\/\/cdnoticias.com\/index.php\/wp-json\/wp\/v2\/posts\/111601\/revisions"}],"wp:featuredmedia":[{"embeddable":true,"href":"https:\/\/cdnoticias.com\/index.php\/wp-json\/wp\/v2\/media\/84112"}],"wp:attachment":[{"href":"https:\/\/cdnoticias.com\/index.php\/wp-json\/wp\/v2\/media?parent=111601"}],"wp:term":[{"taxonomy":"category","embeddable":true,"href":"https:\/\/cdnoticias.com\/index.php\/wp-json\/wp\/v2\/categories?post=111601"},{"taxonomy":"post_tag","embeddable":true,"href":"https:\/\/cdnoticias.com\/index.php\/wp-json\/wp\/v2\/tags?post=111601"}],"curies":[{"name":"wp","href":"https:\/\/api.w.org\/{rel}","templated":true}]}}