{"id":111599,"date":"2024-03-16T09:37:03","date_gmt":"2024-03-16T12:37:03","guid":{"rendered":"https:\/\/cdnoticias.com\/?p=111599"},"modified":"2024-03-16T09:37:05","modified_gmt":"2024-03-16T12:37:05","slug":"hilda-luisa-di-marco-betty-q-e-p-d","status":"publish","type":"post","link":"https:\/\/cdnoticias.com\/index.php\/2024\/03\/16\/hilda-luisa-di-marco-betty-q-e-p-d\/","title":{"rendered":"Hilda Luisa Di Marco \u201cBetty\u201d (Q.E.P.D.)"},"content":{"rendered":"<p>Falleci\u00f3 en Olavarr\u00eda el 16 de marzo de 2024 a los 85 a\u00f1os de edad. Sus hijos Olga Seguiel; Norma, Jorge, Daniel, Nilda y Gabriel Fuentes. Sus hijos pol\u00edticos Carlos Fredes, M\u00f3nica Fredes, Marcelo Garc\u00eda, Eugenia Moreno y Laura. Sus nietos. Sus nietos pol\u00edticos. Sus bisnietos. Su tataranieto y dem\u00e1s deudos participan su fallecimiento.<\/p>\n<p>Sus restos son velados en Espa\u00f1a 2942 departamento &#8220;D&#8221; y ser\u00e1n inhumados en el cementerio Loma de Paz, este s\u00e1bado a las 14:30, previo responso en la capilla ardiente. Servicio adherido a Coopelectric. Vecino de barrio Provincias Argentinas. Jubilada.<\/p>\n","protected":false},"excerpt":{"rendered":"<p>Falleci\u00f3 en Olavarr\u00eda el 16 de marzo de 2024 a los 85 a\u00f1os de edad. Sus hijos Olga Seguiel; Norma,<\/p>\n","protected":false},"author":2,"featured_media":100390,"comment_status":"closed","ping_status":"closed","sticky":false,"template":"","format":"standard","meta":{"_jetpack_memberships_contains_paid_content":false,"footnotes":""},"categories":[10],"tags":[],"class_list":["post-111599","post","type-post","status-publish","format-standard","has-post-thumbnail","hentry","category-necrologicas"],"jetpack_featured_media_url":"https:\/\/i0.wp.com\/cdnoticias.com\/wp-content\/uploads\/2023\/10\/necrologicas-390-x-240.jpg?fit=390%2C240&ssl=1","jetpack_sharing_enabled":true,"_links":{"self":[{"href":"https:\/\/cdnoticias.com\/index.php\/wp-json\/wp\/v2\/posts\/111599","targetHints":{"allow":["GET"]}}],"collection":[{"href":"https:\/\/cdnoticias.com\/index.php\/wp-json\/wp\/v2\/posts"}],"about":[{"href":"https:\/\/cdnoticias.com\/index.php\/wp-json\/wp\/v2\/types\/post"}],"author":[{"embeddable":true,"href":"https:\/\/cdnoticias.com\/index.php\/wp-json\/wp\/v2\/users\/2"}],"replies":[{"embeddable":true,"href":"https:\/\/cdnoticias.com\/index.php\/wp-json\/wp\/v2\/comments?post=111599"}],"version-history":[{"count":0,"href":"https:\/\/cdnoticias.com\/index.php\/wp-json\/wp\/v2\/posts\/111599\/revisions"}],"wp:featuredmedia":[{"embeddable":true,"href":"https:\/\/cdnoticias.com\/index.php\/wp-json\/wp\/v2\/media\/100390"}],"wp:attachment":[{"href":"https:\/\/cdnoticias.com\/index.php\/wp-json\/wp\/v2\/media?parent=111599"}],"wp:term":[{"taxonomy":"category","embeddable":true,"href":"https:\/\/cdnoticias.com\/index.php\/wp-json\/wp\/v2\/categories?post=111599"},{"taxonomy":"post_tag","embeddable":true,"href":"https:\/\/cdnoticias.com\/index.php\/wp-json\/wp\/v2\/tags?post=111599"}],"curies":[{"name":"wp","href":"https:\/\/api.w.org\/{rel}","templated":true}]}}