{"id":111594,"date":"2024-03-16T09:38:38","date_gmt":"2024-03-16T12:38:38","guid":{"rendered":"https:\/\/cdnoticias.com\/?p=111594"},"modified":"2024-03-16T10:38:07","modified_gmt":"2024-03-16T13:38:07","slug":"el-quirofano-veterinario-movil-continuara-su-recorrido-en-el-barrio-villa-aurora","status":"publish","type":"post","link":"https:\/\/cdnoticias.com\/index.php\/2024\/03\/16\/el-quirofano-veterinario-movil-continuara-su-recorrido-en-el-barrio-villa-aurora\/","title":{"rendered":"El Quir\u00f3fano Veterinario M\u00f3vil continuar\u00e1 su recorrido en el barrio Villa Aurora"},"content":{"rendered":"\n<p>Ser\u00e1 desde el pr\u00f3ximo lunes 18 y hasta el mi\u00e9rcoles 20 inclusive en el horario de 8:30 a 12:00.<\/p>\n\n\n\n<hr class=\"wp-block-separator aligncenter has-alpha-channel-opacity\"\/>\n\n\n\n<p>El <strong>Quir\u00f3fano Veterinario M\u00f3vil <\/strong>sigue con su recorrido por todo el Partido, <strong>ofreciendo de manera gratuita el servicio de esterilizaciones quir\u00fargicas caninas y felinas.<\/strong><\/p>\n\n\n\n<p><\/p>\n\n\n\n<p>En ese sentido, desde el \u00e1rea se record\u00f3 que desde el pr\u00f3ximo<strong> lunes 18 del corriente mes hasta el mi\u00e9rcoles 20 inclusive<\/strong> las castraciones se llevar\u00e1n a cabo en el <strong>barrio Villa Aurora<\/strong>.<\/p>\n\n\n\n<p><\/p>\n\n\n\n<blockquote class=\"wp-block-quote is-layout-flow wp-block-quote-is-layout-flow\">\n<p>Espec\u00edficamente, se encontrar\u00e1 en la sede de la Sociedad de Fomento ubicada sobre Los Gladiolos 2285, en el horario de 8:30 a 12:00.<\/p>\n<\/blockquote>\n\n\n\n<p><\/p>\n\n\n\n<p>Se a\u00f1adi\u00f3 que para sacar turnos las personas interesadas deber\u00e1n dirigirse previamente a la direcci\u00f3n donde se va a encontrar el m\u00f3vil, o comunicarse ya sea por llamada o mensaje de WhatsApp al 2284-666400.<\/p>\n\n\n\n<p><\/p>\n\n\n\n<p>Al momento de sacar el turno se le brindar\u00e1 adem\u00e1s la informaci\u00f3n con el fin de lograr una intervenci\u00f3n segura.<\/p>\n\n\n\n<p><\/p>\n\n\n\n<p><strong>Cronograma de Abril<\/strong><\/p>\n\n\n\n<ul class=\"wp-block-list\">\n<li>Del 25 al 27 de marzo en el barrio Provincias Unidas, en la Sociedad de Fomento ubicada sobre Santa Cruz y Azopardo.<\/li>\n<\/ul>\n\n\n\n<ul class=\"wp-block-list\">\n<li>Del 3 al 4 de abril en Villa Mi Serran\u00eda, en el Club Defensores (Salta y C\u00f3rdoba).<\/li>\n<\/ul>\n\n\n\n<ul class=\"wp-block-list\">\n<li>Del 8 al 10 de abril en Loma Negra, en el Club Independiente.<\/li>\n<\/ul>\n\n\n\n<ul class=\"wp-block-list\">\n<li>Del 11al 12 de abril, en Villa Mail\u00edn, en el CAPS N\u00b022 (Balcarce y Mendoza).<\/li>\n<\/ul>\n\n\n\n<ul class=\"wp-block-list\">\n<li>El 15 de abril en Colonia San Miguel, en la Sociedad de Fomento Los Amigos (San Miguel de Arc\u00e1ngel 1194).<\/li>\n<\/ul>\n\n\n\n<ul class=\"wp-block-list\">\n<li>Del 16 al 17 de abril en Sierras Bayas, en el Club Social y Atl\u00e9tico San Mart\u00edn (San Mart\u00edn 1792).<\/li>\n<\/ul>\n\n\n\n<ul class=\"wp-block-list\">\n<li>Del 22 al 24 de abril en el barrio Hip\u00f3lito Yrigoyen, Sociedad de Fomento ubicada sobre Estrada 4141.<\/li>\n<\/ul>\n\n\n\n<ul class=\"wp-block-list\">\n<li>El 25 de abril en Mapis, en la Escuela N\u00b0 35 \u201cJos\u00e9 Lamas\u201d.<\/li>\n<\/ul>\n\n\n\n<ul class=\"wp-block-list\">\n<li>Del 29 al 30 de abril en el barrio 10 de Junio, en la Sociedad de Fomento ubicada sobre Dean Funes y Giovanelli.<\/li>\n<\/ul>\n","protected":false},"excerpt":{"rendered":"<p>Ser\u00e1 desde el pr\u00f3ximo lunes 18 y hasta el mi\u00e9rcoles 20 inclusive en el horario de 8:30 a 12:00. El<\/p>\n","protected":false},"author":6,"featured_media":111595,"comment_status":"closed","ping_status":"closed","sticky":false,"template":"","format":"standard","meta":{"_jetpack_memberships_contains_paid_content":false,"footnotes":""},"categories":[5,1],"tags":[],"class_list":["post-111594","post","type-post","status-publish","format-standard","has-post-thumbnail","hentry","category-informacion-general","category-portada"],"jetpack_featured_media_url":"https:\/\/i0.wp.com\/cdnoticias.com\/wp-content\/uploads\/2024\/03\/quirofano-veterinario.jpg?fit=1000%2C665&ssl=1","jetpack_sharing_enabled":true,"_links":{"self":[{"href":"https:\/\/cdnoticias.com\/index.php\/wp-json\/wp\/v2\/posts\/111594","targetHints":{"allow":["GET"]}}],"collection":[{"href":"https:\/\/cdnoticias.com\/index.php\/wp-json\/wp\/v2\/posts"}],"about":[{"href":"https:\/\/cdnoticias.com\/index.php\/wp-json\/wp\/v2\/types\/post"}],"author":[{"embeddable":true,"href":"https:\/\/cdnoticias.com\/index.php\/wp-json\/wp\/v2\/users\/6"}],"replies":[{"embeddable":true,"href":"https:\/\/cdnoticias.com\/index.php\/wp-json\/wp\/v2\/comments?post=111594"}],"version-history":[{"count":0,"href":"https:\/\/cdnoticias.com\/index.php\/wp-json\/wp\/v2\/posts\/111594\/revisions"}],"wp:featuredmedia":[{"embeddable":true,"href":"https:\/\/cdnoticias.com\/index.php\/wp-json\/wp\/v2\/media\/111595"}],"wp:attachment":[{"href":"https:\/\/cdnoticias.com\/index.php\/wp-json\/wp\/v2\/media?parent=111594"}],"wp:term":[{"taxonomy":"category","embeddable":true,"href":"https:\/\/cdnoticias.com\/index.php\/wp-json\/wp\/v2\/categories?post=111594"},{"taxonomy":"post_tag","embeddable":true,"href":"https:\/\/cdnoticias.com\/index.php\/wp-json\/wp\/v2\/tags?post=111594"}],"curies":[{"name":"wp","href":"https:\/\/api.w.org\/{rel}","templated":true}]}}