{"id":111561,"date":"2024-03-15T17:30:26","date_gmt":"2024-03-15T20:30:26","guid":{"rendered":"https:\/\/cdnoticias.com\/?p=111561"},"modified":"2024-03-15T21:00:38","modified_gmt":"2024-03-16T00:00:38","slug":"emergencia-en-unicen-no-hay-voluntad-de-parte-del-gobierno","status":"publish","type":"post","link":"https:\/\/cdnoticias.com\/index.php\/2024\/03\/15\/emergencia-en-unicen-no-hay-voluntad-de-parte-del-gobierno\/","title":{"rendered":"Emergencia en UNICEN: \u201cNo hay voluntad de parte del Gobierno\u201d"},"content":{"rendered":"\n<p>Lo dijo el rector Marcelo Aba en la conferencia de prensa que se realiz\u00f3 este viernes en la Facultad de Ciencias Sociales de nuestra ciudad. Obras suspendidas e incertidumbre por el presupuesto anual.<\/p>\n\n\n\n<hr class=\"wp-block-separator aligncenter has-alpha-channel-opacity\"\/>\n\n\n\n<p>En el mediod\u00eda de este viernes se realiz\u00f3 una <strong>conferencia de prensa en la Facultad de Ciencias Sociales<\/strong> de nuestra ciudad en el marco de similares jornadas que se llevaron a cabo en las ciudades de Tandil y Azul.<\/p>\n\n\n\n<p><\/p>\n\n\n\n<p>El <strong>estado de alerta y emergencia presupuestaria<\/strong> que sufren todas las <strong>universidades del pa\u00eds<\/strong> fue el foco de atenci\u00f3n luego del <a href=\"https:\/\/cdnoticias.com\/index.php\/2024\/03\/14\/en-olavarria-se-marcho-en-defensa-de-la-universidad-publica\/\">paro a nivel nacional realizado el jueves en defensa de la educaci\u00f3n p\u00fablica.<\/a><\/p>\n\n\n\n<p><\/p>\n\n\n\n<p>En la conferencia estuvieron presentes Juan Loide, integrante de ATUNCPBA, Ver\u00f3nica Gargiulo , integrante de ADUNCE, la vice rectora Alicia Spinello , el rector Marcelo Aba, Mar\u00eda Peralta, decana de la Facultad de Ingenier\u00eda, Gabriela Gamberini, decana de la Facultad de Sociales y H\u00e9ctor Trebucq, decano de la Facultad de Salud.<\/p>\n\n\n\n<p><\/p>\n\n\n\n<p>Aba sostuvo que la situaci\u00f3n actual deriv\u00f3 en <strong>obras suspendidas o paralizadas hasta el momento<\/strong> como por ejemplo la <strong>obra en la Facultad de Salud <\/strong>y el <strong>gimnasio que se iba a llevar a cabo en el Campus Universitario:<\/strong> \u201cesto nos obliga a realizar inversiones para acomodar lo que nos queda\u201d remarc\u00f3.<\/p>\n\n\n\n<p><\/p>\n\n\n\n<figure class=\"wp-block-image aligncenter size-full\"><img data-recalc-dims=\"1\" loading=\"lazy\" decoding=\"async\" width=\"800\" height=\"445\" src=\"https:\/\/i0.wp.com\/cdnoticias.com\/wp-content\/uploads\/2024\/03\/universidad-marcha-01.jpg?resize=800%2C445&#038;ssl=1\" alt=\"\" class=\"wp-image-111460\" srcset=\"https:\/\/i0.wp.com\/cdnoticias.com\/wp-content\/uploads\/2024\/03\/universidad-marcha-01.jpg?w=800&amp;ssl=1 800w, https:\/\/i0.wp.com\/cdnoticias.com\/wp-content\/uploads\/2024\/03\/universidad-marcha-01.jpg?resize=300%2C167&amp;ssl=1 300w, https:\/\/i0.wp.com\/cdnoticias.com\/wp-content\/uploads\/2024\/03\/universidad-marcha-01.jpg?resize=768%2C427&amp;ssl=1 768w\" sizes=\"auto, (max-width: 800px) 100vw, 800px\" \/><\/figure>\n\n\n\n<p><\/p>\n\n\n\n<p>Asimismo, sobre el retraso salarial explic\u00f3 que \u201c<em>ronda el 60% del valor real del poder adquisitivo de los trabajadores<\/em>\u201d a la par que hizo menci\u00f3n del recorte en el FONID \u201c<em>que afecta a docentes pre-universitarios\u201d.<\/em><\/p>\n\n\n\n<p><\/p>\n\n\n\n<blockquote class=\"wp-block-quote is-layout-flow wp-block-quote-is-layout-flow\">\n<p>En consecuencia, el rector afirm\u00f3 que desde el \u00e1rea de Educaci\u00f3n de la Naci\u00f3n se fij\u00f3 un monto de 1.4 billones de pesos, los cuales ser\u00e1n destinados a las Universidades y remarc\u00f3 que \u201cprecisamos el triple de lo que nos asign\u00f3. El paro de ayer fue a raz\u00f3n de eso\u201d.<\/p>\n<\/blockquote>\n\n\n\n<p><\/p>\n\n\n\n<p>\u201cSeguimos por los <strong>canales de dialogo para que a partir de mayo aparezcan las partidas<\/strong>. Esperamos que no se cometa la locura de no cumplirlas, esperamos que giren los fondos. Nos gustar\u00eda que haya una resoluci\u00f3n, que los fondos est\u00e9n cubiertos hasta fin de a\u00f1o por lo menos sin compensaci\u00f3n, pero <strong>no tenemos la certeza<\/strong>\u201d sostuvo Aba.<\/p>\n\n\n\n<p><\/p>\n\n\n\n<p>Sobre el anuncio del Ministerio de Capital Humano de la Naci\u00f3n, el cual inform\u00f3 una entrega de un 70% de recomposici\u00f3n del presupuesto universitario Aba aclar\u00f3 que \u201c<strong><em>es un 70% de los gastos de funcionamiento, que representa el 10% del presupuesto total tales como servicios y limpieza<\/em><\/strong>\u201d.<\/p>\n\n\n\n<p><\/p>\n\n\n\n<figure class=\"wp-block-image aligncenter size-full\"><img data-recalc-dims=\"1\" loading=\"lazy\" decoding=\"async\" width=\"800\" height=\"445\" src=\"https:\/\/i0.wp.com\/cdnoticias.com\/wp-content\/uploads\/2023\/08\/aba-marcelo-expo-unicen-01.jpg?resize=800%2C445&#038;ssl=1\" alt=\"\" class=\"wp-image-92793\" srcset=\"https:\/\/i0.wp.com\/cdnoticias.com\/wp-content\/uploads\/2023\/08\/aba-marcelo-expo-unicen-01.jpg?w=800&amp;ssl=1 800w, https:\/\/i0.wp.com\/cdnoticias.com\/wp-content\/uploads\/2023\/08\/aba-marcelo-expo-unicen-01.jpg?resize=300%2C167&amp;ssl=1 300w, https:\/\/i0.wp.com\/cdnoticias.com\/wp-content\/uploads\/2023\/08\/aba-marcelo-expo-unicen-01.jpg?resize=768%2C427&amp;ssl=1 768w\" sizes=\"auto, (max-width: 800px) 100vw, 800px\" \/><\/figure>\n\n\n\n<p><\/p>\n\n\n\n<p>En relaci\u00f3n a esto \u00faltimo, el rector cont\u00f3: <strong><em>\u201cayer lleg\u00f3 la factura de luz este mes y se triplic\u00f3. Otras universidades han cerrado comisiones, carreras. Es grave, tanto para las universidades como para el sistema educativo en general\u201d.<\/em><\/strong><\/p>\n\n\n\n<p><\/p>\n\n\n\n<p>Por \u00faltimo, Aba cerr\u00f3: \u201c<strong>No hay voluntad del gobierno. No hay fondos disponibles en la Secretaria de Educaci\u00f3n. Nos dicen que no manejan fondos. La intenci\u00f3n del CIN ahora es hablar con Capital Humano\u201d<\/strong>.<\/p>\n","protected":false},"excerpt":{"rendered":"<p>Lo dijo el rector Marcelo Aba en la conferencia de prensa que se realiz\u00f3 este viernes en la Facultad de<\/p>\n","protected":false},"author":6,"featured_media":111565,"comment_status":"closed","ping_status":"closed","sticky":false,"template":"","format":"standard","meta":{"_jetpack_memberships_contains_paid_content":false,"footnotes":""},"categories":[5,1],"tags":[],"class_list":["post-111561","post","type-post","status-publish","format-standard","has-post-thumbnail","hentry","category-informacion-general","category-portada"],"jetpack_featured_media_url":"https:\/\/i0.wp.com\/cdnoticias.com\/wp-content\/uploads\/2024\/03\/unicen-emergencia-presupuestaria-15-marzo-2024-1.jpg?fit=1000%2C574&ssl=1","jetpack_sharing_enabled":true,"_links":{"self":[{"href":"https:\/\/cdnoticias.com\/index.php\/wp-json\/wp\/v2\/posts\/111561","targetHints":{"allow":["GET"]}}],"collection":[{"href":"https:\/\/cdnoticias.com\/index.php\/wp-json\/wp\/v2\/posts"}],"about":[{"href":"https:\/\/cdnoticias.com\/index.php\/wp-json\/wp\/v2\/types\/post"}],"author":[{"embeddable":true,"href":"https:\/\/cdnoticias.com\/index.php\/wp-json\/wp\/v2\/users\/6"}],"replies":[{"embeddable":true,"href":"https:\/\/cdnoticias.com\/index.php\/wp-json\/wp\/v2\/comments?post=111561"}],"version-history":[{"count":0,"href":"https:\/\/cdnoticias.com\/index.php\/wp-json\/wp\/v2\/posts\/111561\/revisions"}],"wp:featuredmedia":[{"embeddable":true,"href":"https:\/\/cdnoticias.com\/index.php\/wp-json\/wp\/v2\/media\/111565"}],"wp:attachment":[{"href":"https:\/\/cdnoticias.com\/index.php\/wp-json\/wp\/v2\/media?parent=111561"}],"wp:term":[{"taxonomy":"category","embeddable":true,"href":"https:\/\/cdnoticias.com\/index.php\/wp-json\/wp\/v2\/categories?post=111561"},{"taxonomy":"post_tag","embeddable":true,"href":"https:\/\/cdnoticias.com\/index.php\/wp-json\/wp\/v2\/tags?post=111561"}],"curies":[{"name":"wp","href":"https:\/\/api.w.org\/{rel}","templated":true}]}}