{"id":11154,"date":"2021-01-11T14:10:20","date_gmt":"2021-01-11T17:10:20","guid":{"rendered":"http:\/\/www.centraldenoticias.com.ar\/?p=11154"},"modified":"2021-01-11T14:10:20","modified_gmt":"2021-01-11T17:10:20","slug":"el-area-de-seguridad-municipal-sumo-un-nuevo-movil","status":"publish","type":"post","link":"https:\/\/cdnoticias.com\/index.php\/2021\/01\/11\/el-area-de-seguridad-municipal-sumo-un-nuevo-movil\/","title":{"rendered":"El \u00e1rea de Seguridad municipal sum\u00f3 un nuevo m\u00f3vil"},"content":{"rendered":"<p>Se trata de un veh\u00edculo que se adapt\u00f3 para atender emergencias del sistema \u201cOjos en alerta\u201d a trav\u00e9s del Centro de Monitoreo.<!--more--><\/p>\n<hr \/>\n<p><strong>El \u00e1rea de Seguridad municipal sum\u00f3 desde este lunes un nuevo veh\u00edculo<\/strong>: es el m\u00f3vil 23 que prestar\u00e1 servicio para el Centro de Monitoreo.<\/p>\n<p>Seg\u00fan se explic\u00f3, el veh\u00edculo, un VW Gol, <strong>se utilizar\u00e1 para atender los reclamos de los vecinos a trav\u00e9s del sistema \u201cOjos en alerta\u201d<\/strong>. Para ello, se le incorpor\u00f3 sistema de comunicaci\u00f3n y balizas.<\/p>\n<p><img data-recalc-dims=\"1\" loading=\"lazy\" decoding=\"async\" class=\"aligncenter wp-image-11156 size-full\" src=\"https:\/\/i0.wp.com\/cdnoticias.com\/wp-content\/uploads\/2021\/01\/movil23A.jpg?resize=800%2C445&#038;ssl=1\" alt=\"\" width=\"800\" height=\"445\" srcset=\"https:\/\/i0.wp.com\/cdnoticias.com\/wp-content\/uploads\/2021\/01\/movil23A.jpg?w=800&amp;ssl=1 800w, https:\/\/i0.wp.com\/cdnoticias.com\/wp-content\/uploads\/2021\/01\/movil23A.jpg?resize=300%2C167&amp;ssl=1 300w, https:\/\/i0.wp.com\/cdnoticias.com\/wp-content\/uploads\/2021\/01\/movil23A.jpg?resize=768%2C427&amp;ssl=1 768w\" sizes=\"auto, (max-width: 800px) 100vw, 800px\" \/><\/p>\n<blockquote><p>Se destac\u00f3 que \u201cva a estar a disposici\u00f3n del \u00e1rea de Monitoreo para una r\u00e1pida respuesta y tambi\u00e9n estar\u00e1 a disposici\u00f3n de los inspectores municipales\u201d.<\/p><\/blockquote>\n<p>Por \u00faltimo, tambi\u00e9n se inform\u00f3 que en caso de requerirse para <strong>\u201ccapacitaciones y cualquier tipo de emergencias\u201d<\/strong> tambi\u00e9n el personal municipal dispondr\u00e1 de este rodado.<\/p>\n","protected":false},"excerpt":{"rendered":"<p>Se trata de un veh\u00edculo que se adapt\u00f3 para atender emergencias del sistema \u201cOjos en alerta\u201d a trav\u00e9s del Centro<\/p>\n","protected":false},"author":4,"featured_media":11155,"comment_status":"closed","ping_status":"closed","sticky":false,"template":"","format":"standard","meta":{"_jetpack_memberships_contains_paid_content":false,"footnotes":""},"categories":[14,1],"tags":[],"class_list":["post-11154","post","type-post","status-publish","format-standard","has-post-thumbnail","hentry","category-policiales","category-portada"],"jetpack_featured_media_url":"https:\/\/i0.wp.com\/cdnoticias.com\/wp-content\/uploads\/2021\/01\/movil23.jpg?fit=800%2C447&ssl=1","jetpack_sharing_enabled":true,"_links":{"self":[{"href":"https:\/\/cdnoticias.com\/index.php\/wp-json\/wp\/v2\/posts\/11154","targetHints":{"allow":["GET"]}}],"collection":[{"href":"https:\/\/cdnoticias.com\/index.php\/wp-json\/wp\/v2\/posts"}],"about":[{"href":"https:\/\/cdnoticias.com\/index.php\/wp-json\/wp\/v2\/types\/post"}],"author":[{"embeddable":true,"href":"https:\/\/cdnoticias.com\/index.php\/wp-json\/wp\/v2\/users\/4"}],"replies":[{"embeddable":true,"href":"https:\/\/cdnoticias.com\/index.php\/wp-json\/wp\/v2\/comments?post=11154"}],"version-history":[{"count":0,"href":"https:\/\/cdnoticias.com\/index.php\/wp-json\/wp\/v2\/posts\/11154\/revisions"}],"wp:featuredmedia":[{"embeddable":true,"href":"https:\/\/cdnoticias.com\/index.php\/wp-json\/wp\/v2\/media\/11155"}],"wp:attachment":[{"href":"https:\/\/cdnoticias.com\/index.php\/wp-json\/wp\/v2\/media?parent=11154"}],"wp:term":[{"taxonomy":"category","embeddable":true,"href":"https:\/\/cdnoticias.com\/index.php\/wp-json\/wp\/v2\/categories?post=11154"},{"taxonomy":"post_tag","embeddable":true,"href":"https:\/\/cdnoticias.com\/index.php\/wp-json\/wp\/v2\/tags?post=11154"}],"curies":[{"name":"wp","href":"https:\/\/api.w.org\/{rel}","templated":true}]}}