{"id":111538,"date":"2024-03-15T19:04:58","date_gmt":"2024-03-15T22:04:58","guid":{"rendered":"https:\/\/cdnoticias.com\/?p=111538"},"modified":"2024-03-15T19:05:01","modified_gmt":"2024-03-15T22:05:01","slug":"confirman-el-primer-caso-autoctono-de-dengue-en-azul","status":"publish","type":"post","link":"https:\/\/cdnoticias.com\/index.php\/2024\/03\/15\/confirman-el-primer-caso-autoctono-de-dengue-en-azul\/","title":{"rendered":"Confirman el primer caso aut\u00f3ctono de dengue en Azul"},"content":{"rendered":"<p>El paciente se encuentra internado en el Hospital Municipal \u201cDr. \u00c1ngel Pintos\u201d de la localidad.<!--more--><\/p>\n<hr \/>\n<p>El secretario de Salud del municipio, doctor Hern\u00e1n Combess\u00edes, confirm\u00f3 a diario El Tiempo que <strong>se registr\u00f3 en Azul el primer caso aut\u00f3ctono de dengue.<\/strong>\n<\/p><\/blockquote>\n<p>El paciente se encuentra actualmente<strong> internado en el Hospital Municipal \u201cDr. \u00c1ngel Pintos\u201d<\/strong> y refiri\u00f3 a las autoridades comunales que <strong>&#8220;no viaj\u00f3&#8221;<\/strong>, por lo que se considera un caso aut\u00f3ctono.\n<\/p><\/blockquote>\n<p><strong>&#8220;De alguna manera, se contagi\u00f3 ac\u00e1&#8221;,<\/strong> se explic\u00f3 a El Tiempo.\n<\/p><\/blockquote>\n<p>Del mismo modo se indic\u00f3 que se trata de un caso diferente a los que se hab\u00edan registrado ya en el distrito, de personas que proven\u00edan de otros municipios y provincias.\n<\/p><\/blockquote>\n","protected":false},"excerpt":{"rendered":"<p>El paciente se encuentra internado en el Hospital Municipal \u201cDr. \u00c1ngel Pintos\u201d de la localidad.<\/p>\n","protected":false},"author":2,"featured_media":111539,"comment_status":"closed","ping_status":"closed","sticky":false,"template":"","format":"standard","meta":{"_jetpack_memberships_contains_paid_content":false,"footnotes":""},"categories":[6,1],"tags":[],"class_list":["post-111538","post","type-post","status-publish","format-standard","has-post-thumbnail","hentry","category-nacionales","category-portada"],"jetpack_featured_media_url":"https:\/\/i0.wp.com\/cdnoticias.com\/wp-content\/uploads\/2024\/03\/mosquitos-dengue-ELTIEMPO.jpeg?fit=800%2C445&ssl=1","jetpack_sharing_enabled":true,"_links":{"self":[{"href":"https:\/\/cdnoticias.com\/index.php\/wp-json\/wp\/v2\/posts\/111538","targetHints":{"allow":["GET"]}}],"collection":[{"href":"https:\/\/cdnoticias.com\/index.php\/wp-json\/wp\/v2\/posts"}],"about":[{"href":"https:\/\/cdnoticias.com\/index.php\/wp-json\/wp\/v2\/types\/post"}],"author":[{"embeddable":true,"href":"https:\/\/cdnoticias.com\/index.php\/wp-json\/wp\/v2\/users\/2"}],"replies":[{"embeddable":true,"href":"https:\/\/cdnoticias.com\/index.php\/wp-json\/wp\/v2\/comments?post=111538"}],"version-history":[{"count":0,"href":"https:\/\/cdnoticias.com\/index.php\/wp-json\/wp\/v2\/posts\/111538\/revisions"}],"wp:featuredmedia":[{"embeddable":true,"href":"https:\/\/cdnoticias.com\/index.php\/wp-json\/wp\/v2\/media\/111539"}],"wp:attachment":[{"href":"https:\/\/cdnoticias.com\/index.php\/wp-json\/wp\/v2\/media?parent=111538"}],"wp:term":[{"taxonomy":"category","embeddable":true,"href":"https:\/\/cdnoticias.com\/index.php\/wp-json\/wp\/v2\/categories?post=111538"},{"taxonomy":"post_tag","embeddable":true,"href":"https:\/\/cdnoticias.com\/index.php\/wp-json\/wp\/v2\/tags?post=111538"}],"curies":[{"name":"wp","href":"https:\/\/api.w.org\/{rel}","templated":true}]}}