{"id":111526,"date":"2024-03-14T20:28:23","date_gmt":"2024-03-14T23:28:23","guid":{"rendered":"https:\/\/cdnoticias.com\/?p=111526"},"modified":"2024-03-15T08:52:36","modified_gmt":"2024-03-15T11:52:36","slug":"iba-en-moto-y-tenia-un-pedido-de-captura-por-causas-con-armas-fue-detenido","status":"publish","type":"post","link":"https:\/\/cdnoticias.com\/index.php\/2024\/03\/14\/iba-en-moto-y-tenia-un-pedido-de-captura-por-causas-con-armas-fue-detenido\/","title":{"rendered":"Iba en moto y ten\u00eda un pedido de captura por causas con armas: fue detenido"},"content":{"rendered":"\n<p>El hecho se produjo durante un operativo en Canaveri entre Leal y Mu\u00f1oz. Adem\u00e1s la motocicleta no ten\u00eda patente: fue secuestrada para m\u00e1s pericias.<\/p>\n\n\n\n<hr class=\"wp-block-separator aligncenter has-alpha-channel-opacity\"\/>\n\n\n\n<p>Este jueves, <strong>efectivos de polic\u00eda local detuvieron a un joven de 29 a\u00f1os en un operativo tras detectar que ten\u00eda un pedido de captura activa por m\u00faltiples causas en su contra vinculadas a armas de fuego.<\/strong><\/p>\n\n\n\n<p>El hecho se produjo en el marco de un operativo de interceptaci\u00f3n vehicular e identificaci\u00f3n de personas cuando<strong>, en Canaveri entre Leal y Mu\u00f1oz, detuvieron al joven de 29 a\u00f1os a bordo de una moto.<\/strong><\/p>\n\n\n\n<p>Al tomar y cruzar sus datos, encontraron que ten\u00eda un pedido de captura activo por <strong><em>\u201cRobo calificado por el uso de arma de fuego, portaci\u00f3n ilegal de arma de fuego y tenencia ilegal de arma de fuego\u201d <\/em><\/strong>requerido por el Juzgado de Garant\u00edas N\u00b03 de Azul.<\/p>\n\n\n\n<p>Con respecto a la moto,<strong> no ten\u00eda patente colocada aunque s\u00ed numeraci\u00f3n de motor y chasis. Al buscar impedimentos legales acusaba un error, por lo que fue secuestrada para intensificar las pericias y determinar si pod\u00eda circular con la moto o no.<\/strong><\/p>\n\n\n\n<p>El joven, identificado como Franco Emanuel Escaig, fue trasladado a Comisar\u00eda Segunda donde qued\u00f3 a disposici\u00f3n del magistrado de la causa, el doctor Marcelo Fern\u00e1ndez de la UFI N\u00b01.<\/p>\n","protected":false},"excerpt":{"rendered":"<p>El hecho se produjo durante un operativo en Canaveri entre Leal y Mu\u00f1oz. Adem\u00e1s la motocicleta no ten\u00eda patente: fue<\/p>\n","protected":false},"author":2,"featured_media":111527,"comment_status":"closed","ping_status":"closed","sticky":false,"template":"","format":"standard","meta":{"_jetpack_memberships_contains_paid_content":false,"footnotes":""},"categories":[14,1],"tags":[],"class_list":["post-111526","post","type-post","status-publish","format-standard","has-post-thumbnail","hentry","category-policiales","category-portada"],"jetpack_featured_media_url":"https:\/\/i0.wp.com\/cdnoticias.com\/wp-content\/uploads\/2024\/03\/WhatsApp-Image-2024-03-14-at-19.07.55.jpeg?fit=365%2C232&ssl=1","jetpack_sharing_enabled":true,"_links":{"self":[{"href":"https:\/\/cdnoticias.com\/index.php\/wp-json\/wp\/v2\/posts\/111526","targetHints":{"allow":["GET"]}}],"collection":[{"href":"https:\/\/cdnoticias.com\/index.php\/wp-json\/wp\/v2\/posts"}],"about":[{"href":"https:\/\/cdnoticias.com\/index.php\/wp-json\/wp\/v2\/types\/post"}],"author":[{"embeddable":true,"href":"https:\/\/cdnoticias.com\/index.php\/wp-json\/wp\/v2\/users\/2"}],"replies":[{"embeddable":true,"href":"https:\/\/cdnoticias.com\/index.php\/wp-json\/wp\/v2\/comments?post=111526"}],"version-history":[{"count":0,"href":"https:\/\/cdnoticias.com\/index.php\/wp-json\/wp\/v2\/posts\/111526\/revisions"}],"wp:featuredmedia":[{"embeddable":true,"href":"https:\/\/cdnoticias.com\/index.php\/wp-json\/wp\/v2\/media\/111527"}],"wp:attachment":[{"href":"https:\/\/cdnoticias.com\/index.php\/wp-json\/wp\/v2\/media?parent=111526"}],"wp:term":[{"taxonomy":"category","embeddable":true,"href":"https:\/\/cdnoticias.com\/index.php\/wp-json\/wp\/v2\/categories?post=111526"},{"taxonomy":"post_tag","embeddable":true,"href":"https:\/\/cdnoticias.com\/index.php\/wp-json\/wp\/v2\/tags?post=111526"}],"curies":[{"name":"wp","href":"https:\/\/api.w.org\/{rel}","templated":true}]}}