{"id":111520,"date":"2024-03-14T19:43:38","date_gmt":"2024-03-14T22:43:38","guid":{"rendered":"https:\/\/cdnoticias.com\/?p=111520"},"modified":"2024-03-15T08:19:03","modified_gmt":"2024-03-15T11:19:03","slug":"se-inauguro-una-planta-textil-de-cheeky-en-olavarria","status":"publish","type":"post","link":"https:\/\/cdnoticias.com\/index.php\/2024\/03\/14\/se-inauguro-una-planta-textil-de-cheeky-en-olavarria\/","title":{"rendered":"Se inaugur\u00f3 una planta textil de Cheeky en Olavarr\u00eda"},"content":{"rendered":"\n<p>Este jueves, el intendente Maximiliano Wesner visit\u00f3 la f\u00e1brica que cuenta con 45 empleados. Para fin de a\u00f1o se espera que se incorporen un total de 100 puestos de trabajo locales.<\/p>\n\n\n\n<hr class=\"wp-block-separator aligncenter has-alpha-channel-opacity\"\/>\n\n\n\n<p>Este jueves, <strong>el intendente Maximiliano Wesner,\u00a0 visit\u00f3 la f\u00e1brica textil de Cheeky,<\/strong> empresa de indumentaria infantil que <strong>invirti\u00f3 en nuestra ciudad<\/strong>, con la <strong>instalaci\u00f3n de su propia planta<\/strong> y la incorporaci\u00f3n y formaci\u00f3n de puestos de trabajo locales.<\/p>\n\n\n\n<p><\/p>\n\n\n\n<p>La planta funciona en \u00c1rea 226 y <strong>actualmente cuenta con 45 empleados<\/strong>. Para fin de a\u00f1o <strong>incorporar\u00e1 un total de 100 puestos de trabajo locales<\/strong> y espera producir entre 60 y 70 mil prendas mensuales.<\/p>\n\n\n\n<p><\/p>\n\n\n\n<p>En ese sentido, Wesner resalt\u00f3 que \u201cacompa\u00f1amos a esta empresa tanto desde la \u00f3rbita de la oficina de Habilitaciones como desde la Secretar\u00eda de Desarrollo Econ\u00f3mico y Producci\u00f3n, a trav\u00e9s de la Oficina de Empleo, para coordinar las capacitaciones de las trabajadoras y coordinar la b\u00fasqueda de personal\u201d.<\/p>\n\n\n\n<p><\/p>\n\n\n\n<blockquote class=\"wp-block-quote is-layout-flow wp-block-quote-is-layout-flow\">\n<p>\u201cEs importante acompa\u00f1ar a una empresa que se instala en Olavarr\u00eda, que genera trabajo y que tiene un gran potencial a futuro como contaba el titular de la firma. Olavarr\u00eda en su diversificada matriz productiva tambi\u00e9n se est\u00e1 convirtiendo en un gran polo textil de la provincia de Buenos Aires\u201d agreg\u00f3.<\/p>\n<\/blockquote>\n\n\n\n<p><\/p>\n\n\n\n<figure class=\"wp-block-image aligncenter size-full\"><img data-recalc-dims=\"1\" loading=\"lazy\" decoding=\"async\" width=\"800\" height=\"532\" src=\"https:\/\/i0.wp.com\/cdnoticias.com\/wp-content\/uploads\/2024\/03\/cheeky-empresa-olavarria-3.jpg?resize=800%2C532&#038;ssl=1\" alt=\"\" class=\"wp-image-111523\" srcset=\"https:\/\/i0.wp.com\/cdnoticias.com\/wp-content\/uploads\/2024\/03\/cheeky-empresa-olavarria-3.jpg?w=1000&amp;ssl=1 1000w, https:\/\/i0.wp.com\/cdnoticias.com\/wp-content\/uploads\/2024\/03\/cheeky-empresa-olavarria-3.jpg?resize=300%2C200&amp;ssl=1 300w, https:\/\/i0.wp.com\/cdnoticias.com\/wp-content\/uploads\/2024\/03\/cheeky-empresa-olavarria-3.jpg?resize=768%2C511&amp;ssl=1 768w, https:\/\/i0.wp.com\/cdnoticias.com\/wp-content\/uploads\/2024\/03\/cheeky-empresa-olavarria-3.jpg?resize=272%2C182&amp;ssl=1 272w\" sizes=\"auto, (max-width: 800px) 100vw, 800px\" \/><\/figure>\n\n\n\n<p>Adem\u00e1s, sostuvo que \u201c<em>es fundamental poder trabajar cuestiones que tienen que ver con la capacitaci\u00f3n vinculada directamente al trabajo. Ven\u00edamos trabajando en este sentido pero no directamente en el rubro textil y pudimos articular con el empresario, el Centro de Formaci\u00f3n Profesional, y el personal\u201d.<\/em><\/p>\n\n\n\n<p><\/p>\n\n\n\n<p>\u201cLa planta tiene un \u00e1rea de capacitaci\u00f3n interna puntualmente. Es loable, valorable, porque no solamente la capacitaci\u00f3n se da al ingreso del trabajo, sino que va a ser de manera permanente y sostenida, lo que va a redundar en mayor calidad en las prendas\u201d agreg\u00f3 Wesner. <\/p>\n\n\n\n<p><\/p>\n\n\n\n<p>Por su parte Awada explic\u00f3 c\u00f3mo se desarrolla el trabajo en las diferentes l\u00edneas de producci\u00f3n que se encuentran ya operativas, con <strong>personal de nuestra ciudad que fue capacitado a trav\u00e9s del Centro de Formaci\u00f3n Profesional N\u00ba 401<\/strong> y que adem\u00e1s cont\u00f3 con el acompa\u00f1amiento de la Oficina de Empleo para las b\u00fasquedas laborales.<\/p>\n\n\n\n<p><\/p>\n\n\n\n<p>\u201cVenimos trabajando hace un a\u00f1o en el armado, tenemos 45 personas trabajando, que fueron formadas ac\u00e1 en Olavarr\u00eda. El Centro de Formaci\u00f3n Profesional N\u00ba 401 nos ha vinculado con docentes para la capacitaci\u00f3n del personal, hemos publicado los requerimientos a trav\u00e9s del \u00e1rea de Desarrollo Econ\u00f3mico de la Municipalidad, la Uni\u00f3n Industrial nos brind\u00f3 much\u00edsimo apoyo y la Cooperativa El\u00e9ctrica nos ha dado un espacio de manera muy generosa. <strong>Hemos capacitado a m\u00e1s de 70 personas a lo largo de dos meses, 45 ingresaron ac\u00e1 en la planta\u201d<\/strong>, indic\u00f3 Awada.<\/p>\n\n\n\n<p><\/p>\n\n\n\n<figure class=\"wp-block-image aligncenter size-full\"><img data-recalc-dims=\"1\" loading=\"lazy\" decoding=\"async\" width=\"800\" height=\"532\" src=\"https:\/\/i0.wp.com\/cdnoticias.com\/wp-content\/uploads\/2024\/03\/cheeky-empresa-olavarria-2.jpg?resize=800%2C532&#038;ssl=1\" alt=\"\" class=\"wp-image-111522\" srcset=\"https:\/\/i0.wp.com\/cdnoticias.com\/wp-content\/uploads\/2024\/03\/cheeky-empresa-olavarria-2.jpg?w=1000&amp;ssl=1 1000w, https:\/\/i0.wp.com\/cdnoticias.com\/wp-content\/uploads\/2024\/03\/cheeky-empresa-olavarria-2.jpg?resize=300%2C200&amp;ssl=1 300w, https:\/\/i0.wp.com\/cdnoticias.com\/wp-content\/uploads\/2024\/03\/cheeky-empresa-olavarria-2.jpg?resize=768%2C511&amp;ssl=1 768w, https:\/\/i0.wp.com\/cdnoticias.com\/wp-content\/uploads\/2024\/03\/cheeky-empresa-olavarria-2.jpg?resize=272%2C182&amp;ssl=1 272w\" sizes=\"auto, (max-width: 800px) 100vw, 800px\" \/><\/figure>\n\n\n\n<p><\/p>\n\n\n\n<p>\u201cHay tres m\u00f3dulos productivos y un m\u00f3dulo escuela. En el m\u00f3dulo escuela se va a seguir capacitando y <strong>la idea es que cada dos meses se incorpore gente a un nuevo m\u00f3dulo.<\/strong> El taller cuenta con espacio para 100 operarios, a fin de a\u00f1o vamos a estar trabajando con todos los operarios activos y vamos a estar produciendo alrededor de <strong>60.000 a 70.000 prendas por mes<\/strong>, dependiendo de la tipolog\u00eda de prendas y de la complejidad de la prenda\u201d, detall\u00f3 el gerente de la firma textil.<\/p>\n\n\n\n<p><\/p>\n\n\n\n<p>La visita por la planta estuvo a cargo\u00a0 del director de Cheeky y gerente de la empresa Alta Textil Nayi Awada, junto a Ornella Camino (jefa del taller) y Luisina Franco (responsable del proyecto Olavarr\u00eda).<\/p>\n\n\n\n<p><\/p>\n\n\n\n<p>En la oportunidad, el Intendente estuvo acompa\u00f1ado por el secretario de Desarrollo Econ\u00f3mico y Productivo Gast\u00f3n Sarachu, el subsecretario de Empresas e Inversiones Bernardo Baldino y la directora de Habilitaciones Ayel\u00e9n Bah\u00eda. Participaron adem\u00e1s representantes de la Uni\u00f3n Industrial Olavarr\u00eda, Banco Provincia y Coopelectric.<\/p>\n\n\n\n<p><\/p>\n\n\n\n<figure class=\"wp-block-image aligncenter size-full\"><img data-recalc-dims=\"1\" loading=\"lazy\" decoding=\"async\" width=\"800\" height=\"532\" src=\"https:\/\/i0.wp.com\/cdnoticias.com\/wp-content\/uploads\/2024\/03\/cheeky-empresa-olavarria-1.jpg?resize=800%2C532&#038;ssl=1\" alt=\"\" class=\"wp-image-111521\" srcset=\"https:\/\/i0.wp.com\/cdnoticias.com\/wp-content\/uploads\/2024\/03\/cheeky-empresa-olavarria-1.jpg?w=1000&amp;ssl=1 1000w, https:\/\/i0.wp.com\/cdnoticias.com\/wp-content\/uploads\/2024\/03\/cheeky-empresa-olavarria-1.jpg?resize=300%2C200&amp;ssl=1 300w, https:\/\/i0.wp.com\/cdnoticias.com\/wp-content\/uploads\/2024\/03\/cheeky-empresa-olavarria-1.jpg?resize=768%2C511&amp;ssl=1 768w, https:\/\/i0.wp.com\/cdnoticias.com\/wp-content\/uploads\/2024\/03\/cheeky-empresa-olavarria-1.jpg?resize=272%2C182&amp;ssl=1 272w\" sizes=\"auto, (max-width: 800px) 100vw, 800px\" \/><\/figure>\n","protected":false},"excerpt":{"rendered":"<p>Este jueves, el intendente Maximiliano Wesner visit\u00f3 la f\u00e1brica que cuenta con 45 empleados. Para fin de a\u00f1o se espera<\/p>\n","protected":false},"author":6,"featured_media":111524,"comment_status":"closed","ping_status":"closed","sticky":false,"template":"","format":"standard","meta":{"_jetpack_memberships_contains_paid_content":false,"footnotes":""},"categories":[5,1],"tags":[],"class_list":["post-111520","post","type-post","status-publish","format-standard","has-post-thumbnail","hentry","category-informacion-general","category-portada"],"jetpack_featured_media_url":"https:\/\/i0.wp.com\/cdnoticias.com\/wp-content\/uploads\/2024\/03\/cheeky-empresa-olavarria-4.jpg?fit=1000%2C665&ssl=1","jetpack_sharing_enabled":true,"_links":{"self":[{"href":"https:\/\/cdnoticias.com\/index.php\/wp-json\/wp\/v2\/posts\/111520","targetHints":{"allow":["GET"]}}],"collection":[{"href":"https:\/\/cdnoticias.com\/index.php\/wp-json\/wp\/v2\/posts"}],"about":[{"href":"https:\/\/cdnoticias.com\/index.php\/wp-json\/wp\/v2\/types\/post"}],"author":[{"embeddable":true,"href":"https:\/\/cdnoticias.com\/index.php\/wp-json\/wp\/v2\/users\/6"}],"replies":[{"embeddable":true,"href":"https:\/\/cdnoticias.com\/index.php\/wp-json\/wp\/v2\/comments?post=111520"}],"version-history":[{"count":0,"href":"https:\/\/cdnoticias.com\/index.php\/wp-json\/wp\/v2\/posts\/111520\/revisions"}],"wp:featuredmedia":[{"embeddable":true,"href":"https:\/\/cdnoticias.com\/index.php\/wp-json\/wp\/v2\/media\/111524"}],"wp:attachment":[{"href":"https:\/\/cdnoticias.com\/index.php\/wp-json\/wp\/v2\/media?parent=111520"}],"wp:term":[{"taxonomy":"category","embeddable":true,"href":"https:\/\/cdnoticias.com\/index.php\/wp-json\/wp\/v2\/categories?post=111520"},{"taxonomy":"post_tag","embeddable":true,"href":"https:\/\/cdnoticias.com\/index.php\/wp-json\/wp\/v2\/tags?post=111520"}],"curies":[{"name":"wp","href":"https:\/\/api.w.org\/{rel}","templated":true}]}}