{"id":11148,"date":"2021-01-11T17:39:47","date_gmt":"2021-01-11T20:39:47","guid":{"rendered":"http:\/\/www.centraldenoticias.com.ar\/?p=11148"},"modified":"2021-01-11T17:39:47","modified_gmt":"2021-01-11T20:39:47","slug":"carrio-y-ritondo-se-anotaron-en-la-carrera-por-la-gobernacion-bonaerense","status":"publish","type":"post","link":"https:\/\/cdnoticias.com\/index.php\/2021\/01\/11\/carrio-y-ritondo-se-anotaron-en-la-carrera-por-la-gobernacion-bonaerense\/","title":{"rendered":"Carri\u00f3 y Ritondo se anotaron en la carrera por la gobernaci\u00f3n bonaerense"},"content":{"rendered":"<p>Cristian Ritondo, presidente del bloque de Diputados del PRO dijo que le \u201cencantar\u00eda\u201d ser candidato a gobernador. La l\u00edder de la Coalici\u00f3n C\u00edvica, Elisa Carri\u00f3, tambi\u00e9n quiere ser candidata.<!--more--><\/p>\n<hr \/>\n<p>El presidente del bloque de Diputados del PRO y exministro bonaerense habl\u00f3 de sus preferencias a la hora de pensar eventuales candidaturas. <strong>Cristian Ritondo, dijo que le \u201cencantar\u00eda\u201d ser candidato a gobernador de la provincia de Buenos Aires<\/strong>, y sostuvo que prefiere que Mar\u00eda Eugenia Vidal aspire a la presidencia.\u00a0En tanto, la l\u00edder de la Coalici\u00f3n C\u00edvica, <strong>Elisa Carri\u00f3, se mostr\u00f3 \u201cdispuesta a ser candidata a gobernadora en la provincia de Buenos Aires\u201d<\/strong> en las elecciones de 2023 porque ve que en la Ciudad de Buenos Aires \u201cest\u00e1 resuelto\u201d el asunto para Juntos por el Cambio.<\/p>\n<p>Consultado en una entrevista en P\u00e1gina 12, <strong>Ritondo<\/strong> respondi\u00f3 que le \u201cencantar\u00eda\u201d ser candidato a gobernador, pero afirm\u00f3 que <strong>\u201ceso depende de qui\u00e9n sea el mejor candidato. Juntos por el Cambio tiene muy buenos candidatos\u201d<\/strong>. Y agreg\u00f3: \u201cTrabajo en la provincia, milito en la provincia, y ojal\u00e1 me toque encabezarla. Si no me toca, acompa\u00f1ar\u00e9 al mejor candidato\u201d.<\/p>\n<p>\u201cHay que equilibrar el poder, salvo que haya un candidato que sea mejor, que pueda con un kirchnerismo que ser\u00e1 muy duro. Pero<strong> estoy dispuesta a dar la batalla para m\u00ed o para otro, aunque quede en el camino\u201d, expres\u00f3 Carri\u00f3<\/strong> en una entrevista en diario La Naci\u00f3n. Hace pocos meses anunci\u00f3 su retiro de la pol\u00edtica, aunque ahora parece dar marcha atr\u00e1s.<\/p>\n<p><img data-recalc-dims=\"1\" loading=\"lazy\" decoding=\"async\" class=\"aligncenter wp-image-11150\" src=\"https:\/\/i0.wp.com\/cdnoticias.com\/wp-content\/uploads\/2021\/01\/DIB-Carrio-1-696x464.jpg?resize=600%2C400&#038;ssl=1\" alt=\"\" width=\"600\" height=\"400\" srcset=\"https:\/\/i0.wp.com\/cdnoticias.com\/wp-content\/uploads\/2021\/01\/DIB-Carrio-1-696x464.jpg?resize=300%2C200&amp;ssl=1 300w, https:\/\/i0.wp.com\/cdnoticias.com\/wp-content\/uploads\/2021\/01\/DIB-Carrio-1-696x464.jpg?resize=272%2C182&amp;ssl=1 272w, https:\/\/i0.wp.com\/cdnoticias.com\/wp-content\/uploads\/2021\/01\/DIB-Carrio-1-696x464.jpg?resize=696%2C464&amp;ssl=1 696w\" sizes=\"auto, (max-width: 600px) 100vw, 600px\" \/><\/p>\n<p>Ritondo respondi\u00f3 sobre la posible candidatura de Elisa Carri\u00f3: <strong>\u201cLilita dijo que puede ser una de las candidatas, pero seguramente habr\u00e1 muchos m\u00e1s: Jorge Macri, Emilio Monz\u00f3, los radicales tendr\u00e1n su candidato<\/strong>. Lo veremos llegado el momento. Eso no quita que en alg\u00fan momento me gustar\u00eda ser gobernador de la provincia de Buenos Aires\u201d.<\/p>\n<p>Sobre <strong>Santilli<\/strong> y la posibilidad de que candidato en la provincia en 2023, dijo: \u201cCon \u00e9l comparto 30 a\u00f1os de amistad. Diego ha crecido much\u00edsimo y es un gran candidato en la Ciudad y en la provincia de Buenos Aires. Ha tomado dimensi\u00f3n nacional como segundo de Horacio, con el trabajo que hizo en la pandemia y con el que hizo en el ministerio de Seguridad. El candidato tiene que ser el mejor: el que m\u00e1s quiera la provincia y el que ratifique su liderazgo con los votos\u201d.<\/p>\n<p>Asimismo, dijo que prefiere que la candidata presidencial del espacio sea <strong>Mar\u00eda Eugenia Vidal<\/strong> por sobre Horacio Rodr\u00edguez Larreta porque consider\u00f3 que \u201ctiene una construcci\u00f3n de poder con mucha sensibilidad social\u201d.<\/p>\n<p>Y a\u00f1adi\u00f3: \u201cTrabaj\u00e9 cuatro a\u00f1os al lado de ella. Esto no le resta m\u00e9ritos a Horacio, que hoy encabeza las encuestas con la mejor imagen de un dirigente del pa\u00eds. Ni a la metodolog\u00eda de trabajo constante que tiene, ni la amplitud pol\u00edtica que tiene. Hoy Juntos por el Cambio integra hasta a los socialistas. Es el Juntos por el Cambio m\u00e1s amplio que hay en el pa\u00eds. Horacio pudo contenter todo ese espacio tan amplio\u201d.<\/p>\n<p><img data-recalc-dims=\"1\" loading=\"lazy\" decoding=\"async\" class=\"aligncenter wp-image-11151\" src=\"https:\/\/i0.wp.com\/cdnoticias.com\/wp-content\/uploads\/2021\/01\/DIB-Cristian-Ritondo-696x464.jpg?resize=600%2C400&#038;ssl=1\" alt=\"\" width=\"600\" height=\"400\" srcset=\"https:\/\/i0.wp.com\/cdnoticias.com\/wp-content\/uploads\/2021\/01\/DIB-Cristian-Ritondo-696x464.jpg?resize=300%2C200&amp;ssl=1 300w, https:\/\/i0.wp.com\/cdnoticias.com\/wp-content\/uploads\/2021\/01\/DIB-Cristian-Ritondo-696x464.jpg?resize=272%2C182&amp;ssl=1 272w, https:\/\/i0.wp.com\/cdnoticias.com\/wp-content\/uploads\/2021\/01\/DIB-Cristian-Ritondo-696x464.jpg?resize=696%2C464&amp;ssl=1 696w\" sizes=\"auto, (max-width: 600px) 100vw, 600px\" \/><\/p>\n<p>Carri\u00f3, en tanto, enfatiz\u00f3 que \u201cvoy a hacerlo, la provincia de Buenos Aires es importante\u201d y que en \u201cla Capital est\u00e1 resuelto\u201d. <strong>\u201cTenemos que formar el mejor equipo\u201d, resalt\u00f3 en torno a Juntos por el Cambio de cara a las elecciones de 2023<\/strong>.<\/p>\n<p>Estas declaraciones se suman a las que hizo tres semanas atr\u00e1s, donde ya dio indicios de su regreso a la carrera pol\u00edtica con una posible candidatura a diputada por el territorio bonaerense en los comicios de este a\u00f1o.<\/p>\n<p>Seg\u00fan se\u00f1al\u00f3, la referente de Coalici\u00f3n C\u00edvica cambi\u00f3 de opini\u00f3n porque se dio \u201ccuenta de que quiero seguir luchando y de que cuando la vida se termine me encuentre luchando. Nosotros [la Coalici\u00f3n C\u00edvica-ARI] somos un partido que todo el mundo desconoci\u00f3, pero hace 20 a\u00f1os que est\u00e1 en el centro del poder pol\u00edtico de la Argentina, somos un partido que est\u00e1 siempre en medio del poder de dos gobiernos. Un partido que se conform\u00f3 sin dinero, por mujeres y hombres, sin distinci\u00f3n de sexo, de juventud, de adultos, de g\u00e9nero\u201d.<\/p>\n<p>Fuente: Agencia DIB<\/p>\n","protected":false},"excerpt":{"rendered":"<p>Cristian Ritondo, presidente del bloque de Diputados del PRO dijo que le \u201cencantar\u00eda\u201d ser candidato a gobernador. La l\u00edder de<\/p>\n","protected":false},"author":4,"featured_media":11152,"comment_status":"closed","ping_status":"closed","sticky":false,"template":"","format":"standard","meta":{"_jetpack_memberships_contains_paid_content":false,"footnotes":""},"categories":[6],"tags":[],"class_list":["post-11148","post","type-post","status-publish","format-standard","has-post-thumbnail","hentry","category-nacionales"],"jetpack_featured_media_url":"https:\/\/i0.wp.com\/cdnoticias.com\/wp-content\/uploads\/2021\/01\/carrio-ritondo.jpg?fit=1322%2C428&ssl=1","jetpack_sharing_enabled":true,"_links":{"self":[{"href":"https:\/\/cdnoticias.com\/index.php\/wp-json\/wp\/v2\/posts\/11148","targetHints":{"allow":["GET"]}}],"collection":[{"href":"https:\/\/cdnoticias.com\/index.php\/wp-json\/wp\/v2\/posts"}],"about":[{"href":"https:\/\/cdnoticias.com\/index.php\/wp-json\/wp\/v2\/types\/post"}],"author":[{"embeddable":true,"href":"https:\/\/cdnoticias.com\/index.php\/wp-json\/wp\/v2\/users\/4"}],"replies":[{"embeddable":true,"href":"https:\/\/cdnoticias.com\/index.php\/wp-json\/wp\/v2\/comments?post=11148"}],"version-history":[{"count":0,"href":"https:\/\/cdnoticias.com\/index.php\/wp-json\/wp\/v2\/posts\/11148\/revisions"}],"wp:featuredmedia":[{"embeddable":true,"href":"https:\/\/cdnoticias.com\/index.php\/wp-json\/wp\/v2\/media\/11152"}],"wp:attachment":[{"href":"https:\/\/cdnoticias.com\/index.php\/wp-json\/wp\/v2\/media?parent=11148"}],"wp:term":[{"taxonomy":"category","embeddable":true,"href":"https:\/\/cdnoticias.com\/index.php\/wp-json\/wp\/v2\/categories?post=11148"},{"taxonomy":"post_tag","embeddable":true,"href":"https:\/\/cdnoticias.com\/index.php\/wp-json\/wp\/v2\/tags?post=11148"}],"curies":[{"name":"wp","href":"https:\/\/api.w.org\/{rel}","templated":true}]}}