{"id":111454,"date":"2024-03-14T09:39:26","date_gmt":"2024-03-14T12:39:26","guid":{"rendered":"https:\/\/cdnoticias.com\/?p=111454"},"modified":"2024-03-14T13:33:24","modified_gmt":"2024-03-14T16:33:24","slug":"wesner-apoyara-el-financiamiento-a-bomberos-creado-por-la-ucr","status":"publish","type":"post","link":"https:\/\/cdnoticias.com\/index.php\/2024\/03\/14\/wesner-apoyara-el-financiamiento-a-bomberos-creado-por-la-ucr\/","title":{"rendered":"Wesner apoyar\u00e1 el financiamiento a Bomberos creado por la UCR"},"content":{"rendered":"<p>En la ma\u00f1ana de este jueves el Intendente se reuni\u00f3 con los concejales Matrella y Gonz\u00e1lez. \u201cMe parece importante que se puedan brindar en conjunto las respuestas para ayudar a los diferentes sectores\u201d, enfatiz\u00f3.<!--more--><\/p>\n<hr \/>\n<p>En la ma\u00f1ana de este jueves el intendente Maximiliano Wesner, recibi\u00f3 en la sala de reuniones del Palacio San Mart\u00edn a <strong>Sebasti\u00e1n Matrella y Francisco Gonz\u00e1lez, concejales de la Uni\u00f3n C\u00edvica Radical.<\/strong><\/p>\n<p>Durante el encuentro el intendente puso en valor el <a href=\"https:\/\/cdnoticias.com\/index.php\/2024\/02\/29\/financiamiento-en-bomberos-en-sesion-prevalecio-la-propuesta-del-radicalismo\/\" target=\"_blank\" rel=\"noopener\">proyecto presentado por los ediles en el Honorable Concejo Deliberante<\/a> para el financiamiento de Bomberos Voluntarios que propone <strong>destinar a la instituci\u00f3n un 1,5% de lo recaudado por Servicios Urbanos y Suburbanos y un 2% de Servicios Generales Rurales y les anunci\u00f3 que ya firm\u00f3 el decreto de promulgaci\u00f3n.<\/strong><\/p>\n<blockquote><p>\u201cCreo 100% en el consenso y en acompa\u00f1ar las palabras con hechos, me parece importante que se puedan brindar en conjunto las respuestas para ayudar a los diferentes sectores. Sobre todo, en el contexto en el que nos encontramos. As\u00ed lo estamos haciendo tambi\u00e9n con el transporte\u201d, destac\u00f3 Wesner.<\/p><\/blockquote>\n<p>En la misma l\u00ednea el intendente municipal indic\u00f3: \u201ctanto el ejecutivo como los distintos bloques del cuerpo legislativo coincid\u00edamos en la necesidad de apoyar econ\u00f3micamente a una instituci\u00f3n tan importante como bomberos, era cuesti\u00f3n de definir y precisar de qu\u00e9 modo. <strong>Me parece importante reconocer el trabajo de otros sectores pol\u00edticos. Ya firm\u00e9 el decreto de promulgaci\u00f3n<\/strong>\u201d.<\/p>\n<blockquote class=\"wp-embedded-content\" data-secret=\"JA6IRpNQ1A\"><p><a href=\"https:\/\/cdnoticias.com\/index.php\/2024\/02\/29\/financiamiento-en-bomberos-en-sesion-prevalecio-la-propuesta-del-radicalismo\/\">Financiamiento de Bomberos: en sesi\u00f3n, prevaleci\u00f3 la propuesta del radicalismo<\/a><\/p><\/blockquote>\n<p><iframe loading=\"lazy\" class=\"wp-embedded-content\" sandbox=\"allow-scripts\" security=\"restricted\" style=\"position: absolute; clip: rect(1px, 1px, 1px, 1px);\" title=\"&#8220;Financiamiento de Bomberos: en sesi\u00f3n, prevaleci\u00f3 la propuesta del radicalismo&#8221; &#8212; Central de Noticias | Olavarr\u00eda\" src=\"https:\/\/cdnoticias.com\/index.php\/2024\/02\/29\/financiamiento-en-bomberos-en-sesion-prevalecio-la-propuesta-del-radicalismo\/embed\/#?secret=aIkO6gkGaq#?secret=JA6IRpNQ1A\" data-secret=\"JA6IRpNQ1A\" width=\"600\" height=\"338\" frameborder=\"0\" marginwidth=\"0\" marginheight=\"0\" scrolling=\"no\"><\/iframe><\/p>\n","protected":false},"excerpt":{"rendered":"<p>En la ma\u00f1ana de este jueves el Intendente se reuni\u00f3 con los concejales Matrella y Gonz\u00e1lez. \u201cMe parece importante que<\/p>\n","protected":false},"author":2,"featured_media":111455,"comment_status":"closed","ping_status":"closed","sticky":false,"template":"","format":"standard","meta":{"_jetpack_memberships_contains_paid_content":false,"footnotes":""},"categories":[4,1],"tags":[],"class_list":["post-111454","post","type-post","status-publish","format-standard","has-post-thumbnail","hentry","category-politica","category-portada"],"jetpack_featured_media_url":"https:\/\/i0.wp.com\/cdnoticias.com\/wp-content\/uploads\/2024\/03\/wesner-firma-decreto.jpg?fit=800%2C445&ssl=1","jetpack_sharing_enabled":true,"_links":{"self":[{"href":"https:\/\/cdnoticias.com\/index.php\/wp-json\/wp\/v2\/posts\/111454","targetHints":{"allow":["GET"]}}],"collection":[{"href":"https:\/\/cdnoticias.com\/index.php\/wp-json\/wp\/v2\/posts"}],"about":[{"href":"https:\/\/cdnoticias.com\/index.php\/wp-json\/wp\/v2\/types\/post"}],"author":[{"embeddable":true,"href":"https:\/\/cdnoticias.com\/index.php\/wp-json\/wp\/v2\/users\/2"}],"replies":[{"embeddable":true,"href":"https:\/\/cdnoticias.com\/index.php\/wp-json\/wp\/v2\/comments?post=111454"}],"version-history":[{"count":0,"href":"https:\/\/cdnoticias.com\/index.php\/wp-json\/wp\/v2\/posts\/111454\/revisions"}],"wp:featuredmedia":[{"embeddable":true,"href":"https:\/\/cdnoticias.com\/index.php\/wp-json\/wp\/v2\/media\/111455"}],"wp:attachment":[{"href":"https:\/\/cdnoticias.com\/index.php\/wp-json\/wp\/v2\/media?parent=111454"}],"wp:term":[{"taxonomy":"category","embeddable":true,"href":"https:\/\/cdnoticias.com\/index.php\/wp-json\/wp\/v2\/categories?post=111454"},{"taxonomy":"post_tag","embeddable":true,"href":"https:\/\/cdnoticias.com\/index.php\/wp-json\/wp\/v2\/tags?post=111454"}],"curies":[{"name":"wp","href":"https:\/\/api.w.org\/{rel}","templated":true}]}}