{"id":111450,"date":"2024-03-14T08:48:09","date_gmt":"2024-03-14T11:48:09","guid":{"rendered":"https:\/\/cdnoticias.com\/?p=111450"},"modified":"2024-03-14T09:39:41","modified_gmt":"2024-03-14T12:39:41","slug":"uta-lleva-adelante-la-segunda-jornada-de-paro-de-colectivos-en-olavarria","status":"publish","type":"post","link":"https:\/\/cdnoticias.com\/index.php\/2024\/03\/14\/uta-lleva-adelante-la-segunda-jornada-de-paro-de-colectivos-en-olavarria\/","title":{"rendered":"UTA lleva adelante la segunda jornada de paro de colectivos en Olavarr\u00eda"},"content":{"rendered":"<p>El reclamo se realiza en el interior del pa\u00eds y en nuestra ciudad alcanza a la l\u00ednea urbana e interurbana. Piden el mismo incremento salarial que el obtenido para el AMBA.<!--more--><\/p>\n<hr \/>\n<p>Este jueves se concreta la <strong>segunda jornada del paro de 48 horas impulsado por la Uni\u00f3n Tranviarios Automotor (UTA)<\/strong> en el interior del pa\u00eds ante la falta de acuerdo paritario con los empresarios del sector.<br \/>\n&nbsp;<\/p>\n<blockquote><p>En el Partido de Olavarr\u00eda el paro afecta tanto al transporte urbano de Tu Bus como al interurbano de Las Sierras.<\/p><\/blockquote>\n<p>&nbsp;<br \/>\nLa medida fue informada por el gremio a trav\u00e9s de un comunicado en el que expresaron que \u201chan fracasado las reuniones con la federaci\u00f3n que representa a las empresas de transporte de pasajeros del interior del pa\u00eds, sin acercar ofrecimiento de incremento salarial alguno, por lo cual se profundizar\u00e1n las medidas de acci\u00f3n gremial\u201d.<br \/>\n&nbsp;<br \/>\nNo obstante, el gremio aclar\u00f3 que \u201cse ha arribado a acuerdos locales en distintas jurisdicciones del interior, con el mismo incremento salarial que el alcanzado para el AMBA, garantizando as\u00ed el salario digno y asegurando la paz social\u201d.<br \/>\n&nbsp;<br \/>\n&nbsp;<\/p>\n","protected":false},"excerpt":{"rendered":"<p>El reclamo se realiza en el interior del pa\u00eds y en nuestra ciudad alcanza a la l\u00ednea urbana e interurbana.<\/p>\n","protected":false},"author":2,"featured_media":1042,"comment_status":"closed","ping_status":"closed","sticky":false,"template":"","format":"standard","meta":{"_jetpack_memberships_contains_paid_content":false,"footnotes":""},"categories":[5,1],"tags":[],"class_list":["post-111450","post","type-post","status-publish","format-standard","has-post-thumbnail","hentry","category-informacion-general","category-portada"],"jetpack_featured_media_url":"https:\/\/i0.wp.com\/cdnoticias.com\/wp-content\/uploads\/2020\/09\/TuBus-1024x683.jpg?fit=1024%2C683&ssl=1","jetpack_sharing_enabled":true,"_links":{"self":[{"href":"https:\/\/cdnoticias.com\/index.php\/wp-json\/wp\/v2\/posts\/111450","targetHints":{"allow":["GET"]}}],"collection":[{"href":"https:\/\/cdnoticias.com\/index.php\/wp-json\/wp\/v2\/posts"}],"about":[{"href":"https:\/\/cdnoticias.com\/index.php\/wp-json\/wp\/v2\/types\/post"}],"author":[{"embeddable":true,"href":"https:\/\/cdnoticias.com\/index.php\/wp-json\/wp\/v2\/users\/2"}],"replies":[{"embeddable":true,"href":"https:\/\/cdnoticias.com\/index.php\/wp-json\/wp\/v2\/comments?post=111450"}],"version-history":[{"count":0,"href":"https:\/\/cdnoticias.com\/index.php\/wp-json\/wp\/v2\/posts\/111450\/revisions"}],"wp:featuredmedia":[{"embeddable":true,"href":"https:\/\/cdnoticias.com\/index.php\/wp-json\/wp\/v2\/media\/1042"}],"wp:attachment":[{"href":"https:\/\/cdnoticias.com\/index.php\/wp-json\/wp\/v2\/media?parent=111450"}],"wp:term":[{"taxonomy":"category","embeddable":true,"href":"https:\/\/cdnoticias.com\/index.php\/wp-json\/wp\/v2\/categories?post=111450"},{"taxonomy":"post_tag","embeddable":true,"href":"https:\/\/cdnoticias.com\/index.php\/wp-json\/wp\/v2\/tags?post=111450"}],"curies":[{"name":"wp","href":"https:\/\/api.w.org\/{rel}","templated":true}]}}