{"id":111430,"date":"2024-03-13T20:18:11","date_gmt":"2024-03-13T23:18:11","guid":{"rendered":"https:\/\/cdnoticias.com\/?p=111430"},"modified":"2024-03-14T07:57:01","modified_gmt":"2024-03-14T10:57:01","slug":"la-comunidad-de-unicen-se-moviliza-contra-el-recorte-nadie-nos-dice-hacia-donde-vamos","status":"publish","type":"post","link":"https:\/\/cdnoticias.com\/index.php\/2024\/03\/13\/la-comunidad-de-unicen-se-moviliza-contra-el-recorte-nadie-nos-dice-hacia-donde-vamos\/","title":{"rendered":"La comunidad de UNICEN se moviliza contra el recorte: \u201cNadie nos dice hacia d\u00f3nde vamos\u201d"},"content":{"rendered":"\n<p>Reclaman una actualizaci\u00f3n del presupuesto que se firm\u00f3 en 2022 y que est\u00e1 atrasado m\u00e1s del 250% con respecto a la inflaci\u00f3n. Adem\u00e1s, denuncian la eliminaci\u00f3n del Fondo de Incentivo Docente. Una crisis \u201cque no se vi\u00f3 nunca\u201d y \u201cno ofrece horizonte\u201d. Convocan a un paro interclaustro para el jueves 14. El testimonio de docentes y estudiantes.<\/p>\n\n\n\n<hr class=\"wp-block-separator aligncenter has-alpha-channel-opacity\"\/>\n\n\n\n<p><em><strong>Agust\u00edn Dal Poggetto | Especial para Central de Noticias<\/strong><\/em><\/p>\n\n\n\n<p><strong>La UNICEN declar\u00f3 \u201cemergencia econ\u00f3mica\u201d frente a la decisi\u00f3n del Gobierno nacional de no actualizar el presupuesto a las universidades nacionales. <\/strong>El monto asignado para funcionamiento (no incluye salarios) fue firmado en octubre de 2022 para el a\u00f1o 2023 y no prev\u00e9 composici\u00f3n por la inflaci\u00f3n que a marzo de 2024 super\u00f3 el 250%.<strong> En Ingenier\u00eda afirmaron que \u201cm\u00e1s del tercio de ingresantes ya no est\u00e1 viniendo por razones econ\u00f3micas\u201d. Los docentes denuncian un \u201capag\u00f3n de di\u00e1logo\u201d y convocan a un paro.<\/strong><\/p>\n\n\n\n<p>La Doctora en Comunicaci\u00f3n y docente investigadora de la Facultad de Ciencias Sociales <strong>M\u00f3nica Cohendoz, convers\u00f3 con Central de Noticias<\/strong> y advirti\u00f3 que<em> \u201clo \u00fanico que nos ofrece el Gobierno nacional es un recorte sin una propuesta de pol\u00edtica educativa\u201d. <\/em>Adem\u00e1s, denunci\u00f3 que hay un<em> \u201capag\u00f3n de di\u00e1logo\u201d<\/em> por parte del Gobierno Nacional que no presenta interlocutores v\u00e1lidos. <em><strong>\u201cNunca sucedi\u00f3. Nadie nos dice hacia d\u00f3nde vamos\u201d <\/strong><\/em>alert\u00f3.<\/p>\n\n\n\n<p>En di\u00e1logo con El Eco de Tandil<strong> el Rector Aba manifest\u00f3 que el Ejecutivo \u201cha provocado una pir\u00e1mide\u201d<\/strong> y mientras cuestiones de Educaci\u00f3n corresponden al Ministerio de Capital Humano, <em>\u201cparece que no es all\u00ed donde se toman decisiones sino es directamente en el Ministerio de Econom\u00eda\u201d.<\/em><\/p>\n\n\n\n<figure class=\"wp-block-image size-large\"><img data-recalc-dims=\"1\" loading=\"lazy\" decoding=\"async\" width=\"800\" height=\"533\" src=\"https:\/\/i0.wp.com\/cdnoticias.com\/wp-content\/uploads\/2024\/03\/WhatsApp-Image-2024-03-13-at-16.56.41.jpeg?resize=800%2C533&#038;ssl=1\" alt=\"\" class=\"wp-image-111435\" srcset=\"https:\/\/i0.wp.com\/cdnoticias.com\/wp-content\/uploads\/2024\/03\/WhatsApp-Image-2024-03-13-at-16.56.41.jpeg?resize=1024%2C682&amp;ssl=1 1024w, https:\/\/i0.wp.com\/cdnoticias.com\/wp-content\/uploads\/2024\/03\/WhatsApp-Image-2024-03-13-at-16.56.41.jpeg?resize=300%2C200&amp;ssl=1 300w, https:\/\/i0.wp.com\/cdnoticias.com\/wp-content\/uploads\/2024\/03\/WhatsApp-Image-2024-03-13-at-16.56.41.jpeg?resize=768%2C512&amp;ssl=1 768w, https:\/\/i0.wp.com\/cdnoticias.com\/wp-content\/uploads\/2024\/03\/WhatsApp-Image-2024-03-13-at-16.56.41.jpeg?resize=1536%2C1023&amp;ssl=1 1536w, https:\/\/i0.wp.com\/cdnoticias.com\/wp-content\/uploads\/2024\/03\/WhatsApp-Image-2024-03-13-at-16.56.41.jpeg?resize=272%2C182&amp;ssl=1 272w, https:\/\/i0.wp.com\/cdnoticias.com\/wp-content\/uploads\/2024\/03\/WhatsApp-Image-2024-03-13-at-16.56.41.jpeg?w=1600&amp;ssl=1 1600w\" sizes=\"auto, (max-width: 800px) 100vw, 800px\" \/><\/figure>\n\n\n\n<p>Con respecto al panorama venidero Aba aclar\u00f3 que habr\u00e1 un reajuste<em> \u201cque estaba mayoritariamente acordado por el gobierno anterior\u201d <\/em>de un 10% y un 6% que ha ofrecido la Subsecretar\u00eda de Educaci\u00f3n Nacional. <strong>M\u00e1s all\u00e1 de esas peque\u00f1as adecuaciones, el presupuesto asignado para todo sistema universitario consta de 1,4 billones de pesos cuando se estimaba que sea de 2,5 billones acorde a la inflaci\u00f3n.<\/strong><\/p>\n\n\n\n<blockquote class=\"wp-block-quote is-layout-flow wp-block-quote-is-layout-flow\">\n<p>\u201cLa \u00faltima partida del presupuesto fue firmada en octubre del 2022 para funcionar en el 2023. Al momento no ha habido ninguna composici\u00f3n. No estamos pidiendo incremento, estamos pidiendo que se tenga en cuenta este 260 % aproximado de inflaci\u00f3n\u201d enfatiz\u00f3 el Rector y explic\u00f3 que \u201cel presupuesto llega a mitad de a\u00f1o y a partir de ah\u00ed dependeremos de partidas mensuales, lo que genera una incertidumbre y una dependencia continua\u201d.<\/p>\n<\/blockquote>\n\n\n\n<p>Cohendoz, quien tambi\u00e9n es consejera acad\u00e9mica y directora de un n\u00facleo de investigaciones cient\u00edficas, expres\u00f3 que <em><strong>\u201cel impacto del recorte afecta a todo el sistema educativo, tanto el p\u00fablico como el privado\u201d.<\/strong><\/em><\/p>\n\n\n\n<p><em>\u201cLa UNICEN es regional, tiene sedes en Tandil, en Olavarr\u00eda, en Azul y en Quequ\u00e9n. Tiene escuelas \u2013 a los docentes de preuniversitarios se les quit\u00f3 el Fondo Nacional de Incentivo Docente (FONID) lo que implica una reducci\u00f3n del salario -, tiene jardines de infantes, y un mont\u00f3n de programas de extensi\u00f3n, de investigaci\u00f3n, de educaci\u00f3n en contextos de encierro, de programas con el PAMI, que se van a ver afectados\u201d<\/em> explic\u00f3.<\/p>\n\n\n\n<p><em><strong>\u201cDe parte del gobierno nacional hay un apag\u00f3n de di\u00e1logo. No conocemos cu\u00e1l es el proyecto educativo de esta gesti\u00f3n. Si conocemos el proyecto, podemos criticarlo, dialogarlo. Lo que se ha cortado son los v\u00ednculos, y esto es muy violento, porque nunca sucedi\u00f3. Nadie nos dice hacia d\u00f3nde vamos. No nos dicen qu\u00e9 producci\u00f3n est\u00e1n esperando de las universidades.\u201d<\/strong><\/em><\/p>\n\n\n\n<blockquote class=\"wp-block-quote is-layout-flow wp-block-quote-is-layout-flow\">\n<p>Mencion\u00f3 que <em><strong>\u201cla universidad argentina ha tenido un mont\u00f3n de crisis, intervenciones. Durante los 70\u00b4 ha tenido desaparecidos. Pero esta crisis parece no ofrecer un horizonte alternativo, por eso nos preocupa mucho. Que nos digan cu\u00e1l es el proyecto pol\u00edtico que tienen en educaci\u00f3n.\u00a0Lo \u00fanico que nos est\u00e1n ofreciendo es un recorte sin una propuesta de pol\u00edtica educativa\u201d.<\/strong><\/em><\/p>\n<\/blockquote>\n\n\n\n<p>Con respecto a las pol\u00edticas de bienestar estudiantil Aba resalt\u00f3 que har\u00e1n un esfuerzo por<em> \u201csostenerlas hasta donde el presupuesto permita\u201d<\/em>. Se trata del servicio de comedor, el programa de becas, las residencias, el boleto estudiantil gratuito, entre otras medidas que garantizan la permanencia de los alumnos.<\/p>\n\n\n\n<figure class=\"wp-block-image size-large\"><img data-recalc-dims=\"1\" loading=\"lazy\" decoding=\"async\" width=\"800\" height=\"533\" src=\"https:\/\/i0.wp.com\/cdnoticias.com\/wp-content\/uploads\/2024\/03\/WhatsApp-Image-2024-03-13-at-16.56.40.jpeg?resize=800%2C533&#038;ssl=1\" alt=\"\" class=\"wp-image-111436\" srcset=\"https:\/\/i0.wp.com\/cdnoticias.com\/wp-content\/uploads\/2024\/03\/WhatsApp-Image-2024-03-13-at-16.56.40.jpeg?resize=1024%2C682&amp;ssl=1 1024w, https:\/\/i0.wp.com\/cdnoticias.com\/wp-content\/uploads\/2024\/03\/WhatsApp-Image-2024-03-13-at-16.56.40.jpeg?resize=300%2C200&amp;ssl=1 300w, https:\/\/i0.wp.com\/cdnoticias.com\/wp-content\/uploads\/2024\/03\/WhatsApp-Image-2024-03-13-at-16.56.40.jpeg?resize=768%2C512&amp;ssl=1 768w, https:\/\/i0.wp.com\/cdnoticias.com\/wp-content\/uploads\/2024\/03\/WhatsApp-Image-2024-03-13-at-16.56.40.jpeg?resize=1536%2C1023&amp;ssl=1 1536w, https:\/\/i0.wp.com\/cdnoticias.com\/wp-content\/uploads\/2024\/03\/WhatsApp-Image-2024-03-13-at-16.56.40.jpeg?resize=272%2C182&amp;ssl=1 272w, https:\/\/i0.wp.com\/cdnoticias.com\/wp-content\/uploads\/2024\/03\/WhatsApp-Image-2024-03-13-at-16.56.40.jpeg?w=1600&amp;ssl=1 1600w\" sizes=\"auto, (max-width: 800px) 100vw, 800px\" \/><\/figure>\n\n\n\n<p>Tambi\u00e9n, sostuvo que <strong>los n\u00fameros de preinscriptos mantienen la tendencia a la suba, con una matr\u00edcula que supera los 5.000 ingresantes en todas las sedes. Sin embargo, habr\u00e1 que esperar al mes de abril para confirmar si los anotados \u2013 de los cuales muchos se inscribieron en 2023 \u2013 contin\u00faan en carrera.<\/strong><\/p>\n\n\n\n<p>En la Facultad de Ingenier\u00eda las clases del curso de ingreso comenzaron en la primera semana de febrero.<strong> Desde ese momento, el Centro de Estudiantes ha recibido gran cantidad de consultas de ingresantes con respecto a pol\u00edticas de bienestar estudiantil: boleto gratuito, comedor, becas de residencia y de ayuda econ\u00f3mica.<\/strong><\/p>\n\n\n\n<p><em>\u201cYa vemos que el curso de ingreso, que arranc\u00f3 hace un mes, se encuentra diezmado por la crisis econ\u00f3mica, principalmente porque el boleto estudiantil reci\u00e9n ahora se est\u00e1 tramitando, porque el poder adquisitivo de las familias no es el suficiente para sostener un alquiler, m\u00e1s que nada los que son de afuera\u201d <\/em>se\u00f1al\u00f3 Pehu\u00e9n Merlos, presidente del Centro de Estudiantes.<\/p>\n\n\n\n<figure class=\"wp-block-image size-large\"><img data-recalc-dims=\"1\" loading=\"lazy\" decoding=\"async\" width=\"800\" height=\"416\" src=\"https:\/\/i0.wp.com\/cdnoticias.com\/wp-content\/uploads\/2024\/03\/WhatsApp-Image-2024-03-13-at-17.03.07.jpeg?resize=800%2C416&#038;ssl=1\" alt=\"\" class=\"wp-image-111431\" srcset=\"https:\/\/i0.wp.com\/cdnoticias.com\/wp-content\/uploads\/2024\/03\/WhatsApp-Image-2024-03-13-at-17.03.07.jpeg?resize=1024%2C532&amp;ssl=1 1024w, https:\/\/i0.wp.com\/cdnoticias.com\/wp-content\/uploads\/2024\/03\/WhatsApp-Image-2024-03-13-at-17.03.07.jpeg?resize=300%2C156&amp;ssl=1 300w, https:\/\/i0.wp.com\/cdnoticias.com\/wp-content\/uploads\/2024\/03\/WhatsApp-Image-2024-03-13-at-17.03.07.jpeg?resize=768%2C399&amp;ssl=1 768w, https:\/\/i0.wp.com\/cdnoticias.com\/wp-content\/uploads\/2024\/03\/WhatsApp-Image-2024-03-13-at-17.03.07.jpeg?w=1170&amp;ssl=1 1170w\" sizes=\"auto, (max-width: 800px) 100vw, 800px\" \/><\/figure>\n\n\n\n<blockquote class=\"wp-block-quote is-layout-flow wp-block-quote-is-layout-flow\">\n<p>Adem\u00e1s, alert\u00f3 sobre una ca\u00edda en la asistencia de los inscriptos: \u201cDe los 300 ingresantes que se anotaron, m\u00e1s de 100 ya no est\u00e1 viniendo por razones econ\u00f3micas\u201d.<\/p>\n<\/blockquote>\n\n\n\n<p>Desde la <strong>Facultad de Ciencias de la Salud<\/strong> tambi\u00e9n comparten la falta de certezas: <em><strong>\u201cTodos tenemos la incertidumbre de qu\u00e9 va a pasar con el boleto estudiantil gratuito, de si vamos a tener las viandas todo el a\u00f1o, si vamos a tener o no comedor ac\u00e1\u201d <\/strong><\/em>sostuvo Lucia Otero, representante del Centro de Estudiantes de la FCS.<\/p>\n\n\n\n<p>Actualmente<strong> la comunidad de Salud sigue a la espera de la continuaci\u00f3n del nuevo edificio, que ven\u00eda con un importante avance.<\/strong> La obra, que recibe fondos de la Corporaci\u00f3n Andina de Fomento (CAF) hoy est\u00e1 pausada y sin noticias de una reanudaci\u00f3n, aunque \u201cpodr\u00eda haber un pago de certificados atrasados y as\u00ed continuar a un menor ritmo\u201d declar\u00f3 Aba.<\/p>\n\n\n\n<p>Hoy por hoy <strong>los estudiantes utilizan un comedor alquilado y para las cursadas se dividen entre el \u201cala vieja\u201d del anterior edificio, el sector de Oncolog\u00eda del Hospital Municipal y salones del CEMO por un pr\u00e9stamo del Municipio.<\/strong><\/p>\n\n\n\n<p><em>\u201cTenemos una peque\u00f1a ventaja y es que nosotros somos una de las pocas facultades que a\u00fan sostiene la hibridez. Quienes no viven en Olavarr\u00eda tienen clases mediadas por tecnolog\u00eda y hacen las pr\u00e1cticas en sus localidades. Sin eso creemos que el n\u00famero de inscriptos hubiera sido a\u00fan menor que el que ya es: hubo alrededor de 150 menos anotados que en 2023\u201d<\/em> afirm\u00f3 Lucia.<\/p>\n\n\n\n<figure class=\"wp-block-image size-large\"><img data-recalc-dims=\"1\" loading=\"lazy\" decoding=\"async\" width=\"800\" height=\"420\" src=\"https:\/\/i0.wp.com\/cdnoticias.com\/wp-content\/uploads\/2024\/03\/WhatsApp-Image-2024-03-13-at-17.01.23.jpeg?resize=800%2C420&#038;ssl=1\" alt=\"\" class=\"wp-image-111434\" srcset=\"https:\/\/i0.wp.com\/cdnoticias.com\/wp-content\/uploads\/2024\/03\/WhatsApp-Image-2024-03-13-at-17.01.23.jpeg?resize=1024%2C537&amp;ssl=1 1024w, https:\/\/i0.wp.com\/cdnoticias.com\/wp-content\/uploads\/2024\/03\/WhatsApp-Image-2024-03-13-at-17.01.23.jpeg?resize=300%2C157&amp;ssl=1 300w, https:\/\/i0.wp.com\/cdnoticias.com\/wp-content\/uploads\/2024\/03\/WhatsApp-Image-2024-03-13-at-17.01.23.jpeg?resize=768%2C403&amp;ssl=1 768w, https:\/\/i0.wp.com\/cdnoticias.com\/wp-content\/uploads\/2024\/03\/WhatsApp-Image-2024-03-13-at-17.01.23.jpeg?resize=390%2C205&amp;ssl=1 390w, https:\/\/i0.wp.com\/cdnoticias.com\/wp-content\/uploads\/2024\/03\/WhatsApp-Image-2024-03-13-at-17.01.23.jpeg?w=1170&amp;ssl=1 1170w\" sizes=\"auto, (max-width: 800px) 100vw, 800px\" \/><\/figure>\n\n\n\n<p>Ambos referentes coincidieron en la dificultad para convocar al estudiantado a que se involucre en la discusi\u00f3n por el presupuesto: <em><strong>\u201cEl baldazo a agua fr\u00eda todav\u00eda no lleg\u00f3 para todos. Muchos estudiantes no creen que suceda, pero nosotros estamos abocados a comunicar una realidad: quiz\u00e1s hasta mayo o junio se pueden sostener las cursadas de calidad: con el estudiante adentro del aula, con laboratorios y pr\u00e1cticas presenciales. Con la facultad con las puertas abiertas\u201d<\/strong><\/em> resalt\u00f3 Pehu\u00e9n.<\/p>\n\n\n\n<p>Por su parte, Luc\u00eda destac\u00f3 que la preocupaci\u00f3n es generalizada:<em> \u201cCada persona con la que habl\u00e1s conoce al menos un estudiante que este a\u00f1o no puede venir a cursar. No puede retomar las cursadas o no pudo arrancar la carrera que hab\u00eda elegido. Por la desregulaci\u00f3n de los precios de alquileres, por el aumento descontrolado de los alimentos, por un mont\u00f3n de cuestiones\u201d.\u00a0<\/em><\/p>\n\n\n\n<figure class=\"wp-block-image size-large\"><img data-recalc-dims=\"1\" loading=\"lazy\" decoding=\"async\" width=\"800\" height=\"800\" src=\"https:\/\/i0.wp.com\/cdnoticias.com\/wp-content\/uploads\/2024\/03\/WhatsApp-Image-2024-03-13-at-17.01.55.jpeg?resize=800%2C800&#038;ssl=1\" alt=\"\" class=\"wp-image-111432\" srcset=\"https:\/\/i0.wp.com\/cdnoticias.com\/wp-content\/uploads\/2024\/03\/WhatsApp-Image-2024-03-13-at-17.01.55.jpeg?resize=1024%2C1024&amp;ssl=1 1024w, https:\/\/i0.wp.com\/cdnoticias.com\/wp-content\/uploads\/2024\/03\/WhatsApp-Image-2024-03-13-at-17.01.55.jpeg?resize=300%2C300&amp;ssl=1 300w, https:\/\/i0.wp.com\/cdnoticias.com\/wp-content\/uploads\/2024\/03\/WhatsApp-Image-2024-03-13-at-17.01.55.jpeg?resize=150%2C150&amp;ssl=1 150w, https:\/\/i0.wp.com\/cdnoticias.com\/wp-content\/uploads\/2024\/03\/WhatsApp-Image-2024-03-13-at-17.01.55.jpeg?resize=768%2C768&amp;ssl=1 768w, https:\/\/i0.wp.com\/cdnoticias.com\/wp-content\/uploads\/2024\/03\/WhatsApp-Image-2024-03-13-at-17.01.55.jpeg?w=1080&amp;ssl=1 1080w\" sizes=\"auto, (max-width: 800px) 100vw, 800px\" \/><\/figure>\n\n\n\n<p>A pesar de la falta de certezas hay pistas de c\u00f3mo sigue. <strong>El jueves 14 hay un paro convocado por gremios docentes, no docentes y acompa\u00f1ado por el movimiento estudiantil. ADUNCE, ATUNCPBA y la FUCPBA, nucleados en un espacio interclaustro, llevar\u00e1n a cabo una jornada de lucha en el Paseo Jes\u00fas Mend\u00eda en Olavarr\u00eda, acci\u00f3n que se autorreplicar\u00e1 en las dem\u00e1s sedes.<\/strong><\/p>\n\n\n\n<blockquote class=\"wp-block-quote is-layout-flow wp-block-quote-is-layout-flow\">\n<p>\u201cSomos trabajadores y trabajadoras, como cualquier trabajador y trabajadora en la Argentina. Pero no estamos luchando solo por los salarios, que est\u00e1n sumamente devaluados. Estamos reclamando una pol\u00edtica educativa\u201d.<\/p>\n<\/blockquote>\n\n\n\n<p>Mientras en estas semanas <strong>el Vocero presidencial Manuel Adorni manifest\u00f3 estar en contra \u201cde todo lo que se transfiere a las universidades, que nadie sabe bien qu\u00e9 pasa y que no se traduce en cantidad de egresados\u201d<\/strong>, la comunidad universitaria invita a la ciudadan\u00eda a debatir sobre el rol de la Universidad en la sociedad.<\/p>\n\n\n\n<p><em><strong>\u201cSi la gente desconf\u00eda o desconoce la facultad, que venga. Si tienen dudas sobre c\u00f3mo manejamos el presupuesto: los consejos son abiertos. No hay nada oscuro ac\u00e1. Hemos tratado de construir una universidad lo m\u00e1s abierta posible a la comunidad. Y lo que estamos pidiendo fuertemente es que nos acompa\u00f1en. Y quien tiene dudas, quien siente que esto no es lo que la comunidad espera, lo debatimos\u201d<\/strong><\/em> concluy\u00f3 Cohendoz.<\/p>\n\n\n\n<p><em>\u201cHay todo un sistema educativo en riesgo.\u00a0Seguir recortando implica no garantizar el derecho a la educaci\u00f3n\u201d<\/em> cerr\u00f3.<\/p>\n","protected":false},"excerpt":{"rendered":"<p>Reclaman una actualizaci\u00f3n del presupuesto que se firm\u00f3 en 2022 y que est\u00e1 atrasado m\u00e1s del 250% con respecto a<\/p>\n","protected":false},"author":2,"featured_media":111433,"comment_status":"closed","ping_status":"closed","sticky":false,"template":"","format":"standard","meta":{"_jetpack_memberships_contains_paid_content":false,"footnotes":""},"categories":[5,1],"tags":[],"class_list":["post-111430","post","type-post","status-publish","format-standard","has-post-thumbnail","hentry","category-informacion-general","category-portada"],"jetpack_featured_media_url":"https:\/\/i0.wp.com\/cdnoticias.com\/wp-content\/uploads\/2024\/03\/WhatsApp-Image-2024-03-13-at-17.01.33.jpeg?fit=1170%2C606&ssl=1","jetpack_sharing_enabled":true,"_links":{"self":[{"href":"https:\/\/cdnoticias.com\/index.php\/wp-json\/wp\/v2\/posts\/111430","targetHints":{"allow":["GET"]}}],"collection":[{"href":"https:\/\/cdnoticias.com\/index.php\/wp-json\/wp\/v2\/posts"}],"about":[{"href":"https:\/\/cdnoticias.com\/index.php\/wp-json\/wp\/v2\/types\/post"}],"author":[{"embeddable":true,"href":"https:\/\/cdnoticias.com\/index.php\/wp-json\/wp\/v2\/users\/2"}],"replies":[{"embeddable":true,"href":"https:\/\/cdnoticias.com\/index.php\/wp-json\/wp\/v2\/comments?post=111430"}],"version-history":[{"count":0,"href":"https:\/\/cdnoticias.com\/index.php\/wp-json\/wp\/v2\/posts\/111430\/revisions"}],"wp:featuredmedia":[{"embeddable":true,"href":"https:\/\/cdnoticias.com\/index.php\/wp-json\/wp\/v2\/media\/111433"}],"wp:attachment":[{"href":"https:\/\/cdnoticias.com\/index.php\/wp-json\/wp\/v2\/media?parent=111430"}],"wp:term":[{"taxonomy":"category","embeddable":true,"href":"https:\/\/cdnoticias.com\/index.php\/wp-json\/wp\/v2\/categories?post=111430"},{"taxonomy":"post_tag","embeddable":true,"href":"https:\/\/cdnoticias.com\/index.php\/wp-json\/wp\/v2\/tags?post=111430"}],"curies":[{"name":"wp","href":"https:\/\/api.w.org\/{rel}","templated":true}]}}