{"id":111421,"date":"2024-03-14T11:29:08","date_gmt":"2024-03-14T14:29:08","guid":{"rendered":"https:\/\/cdnoticias.com\/?p=111421"},"modified":"2024-03-14T11:29:10","modified_gmt":"2024-03-14T14:29:10","slug":"se-viene-la-primera-edicion-del-ciclo-de-peatonales","status":"publish","type":"post","link":"https:\/\/cdnoticias.com\/index.php\/2024\/03\/14\/se-viene-la-primera-edicion-del-ciclo-de-peatonales\/","title":{"rendered":"Se viene la primera edici\u00f3n del Ciclo de Peatonales"},"content":{"rendered":"\n<p>Ser\u00e1 este viernes en Necochea entre Espa\u00f1a y 9 de Julio. Actividades para los m\u00e1s chicos, m\u00fasica en vivo, circo y mucho m\u00e1s.<\/p>\n\n\n\n<hr class=\"wp-block-separator aligncenter has-alpha-channel-opacity\"\/>\n\n\n\n<p>Este <strong>viernes se realizar\u00e1 la primera edici\u00f3n <\/strong>del<strong> Ciclo de Peatonales<\/strong> donde habr\u00e1 varias actividades para todas las edades.<\/p>\n\n\n\n<p><\/p>\n\n\n\n<p>La iniciativa surge desde la Secretar\u00eda de Desarrollo Econ\u00f3mico y Productivo y la Subsecretar\u00eda de Cultura y Educaci\u00f3n, junto a comerciantes locales \u201c<strong><em>con la finalidad de reactivar y fortalecer la actividad econ\u00f3mica en una de las zonas comerciales m\u00e1s populares de la ciudad\u201d.<\/em><\/strong><\/p>\n\n\n\n<p><\/p>\n\n\n\n<blockquote class=\"wp-block-quote is-layout-flow wp-block-quote-is-layout-flow\">\n<p>La jornada se desarrollar\u00e1 de 18:00 a 22:30 horas en el tramo peatonal en Necochea, entre Espa\u00f1a y 9 de Julio. Habr\u00e1 inflables para los m\u00e1s peque\u00f1os, m\u00fasica en vivo y espect\u00e1culos de circo a la gorra. Adem\u00e1s, se dispondr\u00e1 de ba\u00f1os qu\u00edmicos, cestos de basura y seguridad.<\/p>\n<\/blockquote>\n\n\n\n<p><\/p>\n\n\n\n<p>La primera edici\u00f3n del a\u00f1o del Ciclo de Peatonales contar\u00e1 con locuci\u00f3n y la participaci\u00f3n de artistas como<strong> \u201cLos Kumbieros\u201d<\/strong> y <strong>Gabriel Bonomo.<\/strong><\/p>\n\n\n\n<p><\/p>\n\n\n\n<p>En el marco del evento adem\u00e1s se desarrollar\u00e1 la propuesta \u201c<strong>Mujeres al Volante\u201d<\/strong> en el <strong>Museo Municipal Hermanos Emiliozzi,<\/strong> un encuentro de mujeres (en formato de charla-entrevista) sobre su rol laboral y experiencia en el universo automotor.<\/p>\n\n\n\n<p><\/p>\n\n\n\n<p>El objetivo de este ciclo es convocar a las familias a recorrer los comercios y, de esta forma, incentivar la actividad econ\u00f3mica en la ciudad, como as\u00ed tambi\u00e9n disfrutar de las diferentes propuestas culturales.<\/p>\n","protected":false},"excerpt":{"rendered":"<p>Ser\u00e1 este viernes en Necochea entre Espa\u00f1a y 9 de Julio. Actividades para los m\u00e1s chicos, m\u00fasica en vivo, circo<\/p>\n","protected":false},"author":6,"featured_media":40878,"comment_status":"closed","ping_status":"closed","sticky":false,"template":"","format":"standard","meta":{"_jetpack_memberships_contains_paid_content":false,"footnotes":""},"categories":[9,1],"tags":[],"class_list":["post-111421","post","type-post","status-publish","format-standard","has-post-thumbnail","hentry","category-cultura","category-portada"],"jetpack_featured_media_url":"https:\/\/i0.wp.com\/cdnoticias.com\/wp-content\/uploads\/2021\/12\/Peatonal13.jpg?fit=800%2C445&ssl=1","jetpack_sharing_enabled":true,"_links":{"self":[{"href":"https:\/\/cdnoticias.com\/index.php\/wp-json\/wp\/v2\/posts\/111421","targetHints":{"allow":["GET"]}}],"collection":[{"href":"https:\/\/cdnoticias.com\/index.php\/wp-json\/wp\/v2\/posts"}],"about":[{"href":"https:\/\/cdnoticias.com\/index.php\/wp-json\/wp\/v2\/types\/post"}],"author":[{"embeddable":true,"href":"https:\/\/cdnoticias.com\/index.php\/wp-json\/wp\/v2\/users\/6"}],"replies":[{"embeddable":true,"href":"https:\/\/cdnoticias.com\/index.php\/wp-json\/wp\/v2\/comments?post=111421"}],"version-history":[{"count":0,"href":"https:\/\/cdnoticias.com\/index.php\/wp-json\/wp\/v2\/posts\/111421\/revisions"}],"wp:featuredmedia":[{"embeddable":true,"href":"https:\/\/cdnoticias.com\/index.php\/wp-json\/wp\/v2\/media\/40878"}],"wp:attachment":[{"href":"https:\/\/cdnoticias.com\/index.php\/wp-json\/wp\/v2\/media?parent=111421"}],"wp:term":[{"taxonomy":"category","embeddable":true,"href":"https:\/\/cdnoticias.com\/index.php\/wp-json\/wp\/v2\/categories?post=111421"},{"taxonomy":"post_tag","embeddable":true,"href":"https:\/\/cdnoticias.com\/index.php\/wp-json\/wp\/v2\/tags?post=111421"}],"curies":[{"name":"wp","href":"https:\/\/api.w.org\/{rel}","templated":true}]}}