{"id":111417,"date":"2024-03-13T18:21:01","date_gmt":"2024-03-13T21:21:01","guid":{"rendered":"https:\/\/cdnoticias.com\/?p=111417"},"modified":"2024-03-13T20:43:52","modified_gmt":"2024-03-13T23:43:52","slug":"por-un-robo-agravado-detuvieron-a-un-joven-de-26-anos","status":"publish","type":"post","link":"https:\/\/cdnoticias.com\/index.php\/2024\/03\/13\/por-un-robo-agravado-detuvieron-a-un-joven-de-26-anos\/","title":{"rendered":"Por un robo agravado, detuvieron a un joven de 26 a\u00f1os"},"content":{"rendered":"\n<p>Fue en avenida Pringles y \u00c1lvaro Barros. La medida la hab\u00eda dictaminado el Juzgado de Garant\u00edas.<\/p>\n\n\n\n<hr class=\"wp-block-separator aligncenter has-alpha-channel-opacity\"\/>\n\n\n\n<p>Este mi\u00e9rcoles, personal del <strong>Comando de Patrullas detuvo a un joven de 26 a\u00f1os por una causa de robo agravado, tras un pedido de captura dictaminado por el Juzgado de Garant\u00edas.<\/strong><\/p>\n\n\n\n<p>El hecho se produjo en <strong>avenida Pringles y \u00c1lvaro Barros<\/strong>, cuando el personal policial cumpliment\u00f3 la directiva emanada desde el Juzgado de Garant\u00edas N\u00b02 a cargo del doctor Carlos Villamar\u00edn.<\/p>\n\n\n\n<p>El joven, identificado como Jorge Adri\u00e1n Zalom\u00f3n,<strong> ten\u00eda pedido de captura por un robo agravado.<\/strong><\/p>\n\n\n\n<p>Fue trasladado a Comisar\u00eda Primera donde qued\u00f3 a disposici\u00f3n del magistrado a cargo de la causa, que tomar\u00e1 nuevas medidas judiciales por el hecho.<\/p>\n","protected":false},"excerpt":{"rendered":"<p>Fue en avenida Pringles y \u00c1lvaro Barros. La medida la hab\u00eda dictaminado el Juzgado de Garant\u00edas. Este mi\u00e9rcoles, personal del<\/p>\n","protected":false},"author":2,"featured_media":111419,"comment_status":"closed","ping_status":"closed","sticky":false,"template":"","format":"standard","meta":{"_jetpack_memberships_contains_paid_content":false,"footnotes":""},"categories":[14,1],"tags":[],"class_list":["post-111417","post","type-post","status-publish","format-standard","has-post-thumbnail","hentry","category-policiales","category-portada"],"jetpack_featured_media_url":"https:\/\/i0.wp.com\/cdnoticias.com\/wp-content\/uploads\/2024\/03\/WhatsApp-Image-2024-03-13-at-17.37.35.jpeg?fit=1052%2C657&ssl=1","jetpack_sharing_enabled":true,"_links":{"self":[{"href":"https:\/\/cdnoticias.com\/index.php\/wp-json\/wp\/v2\/posts\/111417","targetHints":{"allow":["GET"]}}],"collection":[{"href":"https:\/\/cdnoticias.com\/index.php\/wp-json\/wp\/v2\/posts"}],"about":[{"href":"https:\/\/cdnoticias.com\/index.php\/wp-json\/wp\/v2\/types\/post"}],"author":[{"embeddable":true,"href":"https:\/\/cdnoticias.com\/index.php\/wp-json\/wp\/v2\/users\/2"}],"replies":[{"embeddable":true,"href":"https:\/\/cdnoticias.com\/index.php\/wp-json\/wp\/v2\/comments?post=111417"}],"version-history":[{"count":0,"href":"https:\/\/cdnoticias.com\/index.php\/wp-json\/wp\/v2\/posts\/111417\/revisions"}],"wp:featuredmedia":[{"embeddable":true,"href":"https:\/\/cdnoticias.com\/index.php\/wp-json\/wp\/v2\/media\/111419"}],"wp:attachment":[{"href":"https:\/\/cdnoticias.com\/index.php\/wp-json\/wp\/v2\/media?parent=111417"}],"wp:term":[{"taxonomy":"category","embeddable":true,"href":"https:\/\/cdnoticias.com\/index.php\/wp-json\/wp\/v2\/categories?post=111417"},{"taxonomy":"post_tag","embeddable":true,"href":"https:\/\/cdnoticias.com\/index.php\/wp-json\/wp\/v2\/tags?post=111417"}],"curies":[{"name":"wp","href":"https:\/\/api.w.org\/{rel}","templated":true}]}}