{"id":111409,"date":"2024-03-13T18:01:03","date_gmt":"2024-03-13T21:01:03","guid":{"rendered":"https:\/\/cdnoticias.com\/?p=111409"},"modified":"2024-03-13T20:18:28","modified_gmt":"2024-03-13T23:18:28","slug":"indec-la-inflacion-de-febrero-fue-del-132","status":"publish","type":"post","link":"https:\/\/cdnoticias.com\/index.php\/2024\/03\/13\/indec-la-inflacion-de-febrero-fue-del-132\/","title":{"rendered":"INDEC: La inflaci\u00f3n de febrero fue del 13,2%"},"content":{"rendered":"\n<p>El dato marca una desaceleraci\u00f3n fuerte respecto de enero, cuando hab\u00eda dado un 20,6%.<\/p>\n\n\n\n<hr class=\"wp-block-separator aligncenter has-alpha-channel-opacity\"\/>\n\n\n\n<p>Este martes, el Instituto Nacional de Estad\u00edstica y Censos (INDEC) inform\u00f3 que <strong>la inflaci\u00f3n de febrero fue de 13,2%<\/strong>, seg\u00fan el \u00cdndice de Precios al Consumidor (IPC). <strong>El aumento interanual lleg\u00f3 al 276,2%<\/strong>.<\/p>\n\n\n\n<p><\/p>\n\n\n\n<p>Este indicador se conoce luego de que <strong>en enero se registrara una suba del 20,6% <\/strong>y en <strong>diciembre, del 25,5%,<\/strong> la m\u00e1s alta desde marzo de 1990.<\/p>\n\n\n\n<p><\/p>\n\n\n\n<p>Seg\u00fan se desprende de los datos publicados, la inflaci\u00f3n en los dos primeros meses del a\u00f1o fue del 36,6%, periodo en que la ca\u00edda del salario formal alcanz\u00f3 en promedio el 20% y en los \u00faltimos doce meces el 276,2%.<\/p>\n\n\n\n<p><\/p>\n\n\n\n<p>La inflaci\u00f3n del primer bimestre explica en parte esa ca\u00edda del 20% -en promedio- de los salarios formales, mientras que el dato interanual refuerza la percepci\u00f3n de lo agudo de la crisis: es el segundo m\u00e1s alto desde el pico de marzo de 1991, cuando lleg\u00f3 a 287,3%.<\/p>\n\n\n\n<p><\/p>\n\n\n\n<blockquote class=\"wp-block-quote is-layout-flow wp-block-quote-is-layout-flow\">\n<p>En cuanto a los rubros, el Indec inform\u00f3 que el que m\u00e1s que m\u00e1s aument\u00f3 fue Comunicaci\u00f3n, con un 24,7%, seguido de Transporte, 21,6%; Vivienda, agua, electricidad, gas y otros combustibles, 20,2%.<\/p>\n<\/blockquote>\n\n\n\n<p><\/p>\n\n\n\n<p>Por \u00faltimo, <strong>Alimentos y bebidas tuvo un incremento importante, del 11,9%, <\/strong>pero inferior al que ven\u00eda registrando: 20,4% en enero, 29,7% en diciembre, 15,7% en noviembre, 7,7% en octubre, de 14,3% en septiembre y de 15,6% en agosto).<\/p>\n\n\n\n<p><\/p>\n\n\n\n<p><em>Fuente: DIB<\/em><\/p>\n","protected":false},"excerpt":{"rendered":"<p>El dato marca una desaceleraci\u00f3n fuerte respecto de enero, cuando hab\u00eda dado un 20,6%. Este martes, el Instituto Nacional de<\/p>\n","protected":false},"author":6,"featured_media":13166,"comment_status":"closed","ping_status":"closed","sticky":false,"template":"","format":"standard","meta":{"_jetpack_memberships_contains_paid_content":false,"footnotes":""},"categories":[6,1],"tags":[],"class_list":["post-111409","post","type-post","status-publish","format-standard","has-post-thumbnail","hentry","category-nacionales","category-portada"],"jetpack_featured_media_url":"https:\/\/i0.wp.com\/cdnoticias.com\/wp-content\/uploads\/2021\/02\/5ff73f8fb1140.jpg?fit=718%2C405&ssl=1","jetpack_sharing_enabled":true,"_links":{"self":[{"href":"https:\/\/cdnoticias.com\/index.php\/wp-json\/wp\/v2\/posts\/111409","targetHints":{"allow":["GET"]}}],"collection":[{"href":"https:\/\/cdnoticias.com\/index.php\/wp-json\/wp\/v2\/posts"}],"about":[{"href":"https:\/\/cdnoticias.com\/index.php\/wp-json\/wp\/v2\/types\/post"}],"author":[{"embeddable":true,"href":"https:\/\/cdnoticias.com\/index.php\/wp-json\/wp\/v2\/users\/6"}],"replies":[{"embeddable":true,"href":"https:\/\/cdnoticias.com\/index.php\/wp-json\/wp\/v2\/comments?post=111409"}],"version-history":[{"count":0,"href":"https:\/\/cdnoticias.com\/index.php\/wp-json\/wp\/v2\/posts\/111409\/revisions"}],"wp:featuredmedia":[{"embeddable":true,"href":"https:\/\/cdnoticias.com\/index.php\/wp-json\/wp\/v2\/media\/13166"}],"wp:attachment":[{"href":"https:\/\/cdnoticias.com\/index.php\/wp-json\/wp\/v2\/media?parent=111409"}],"wp:term":[{"taxonomy":"category","embeddable":true,"href":"https:\/\/cdnoticias.com\/index.php\/wp-json\/wp\/v2\/categories?post=111409"},{"taxonomy":"post_tag","embeddable":true,"href":"https:\/\/cdnoticias.com\/index.php\/wp-json\/wp\/v2\/tags?post=111409"}],"curies":[{"name":"wp","href":"https:\/\/api.w.org\/{rel}","templated":true}]}}