{"id":111334,"date":"2024-03-12T12:51:24","date_gmt":"2024-03-12T15:51:24","guid":{"rendered":"https:\/\/cdnoticias.com\/?p=111334"},"modified":"2024-03-12T16:12:24","modified_gmt":"2024-03-12T19:12:24","slug":"nuevo-subsecretario-de-salud-y-director-del-hospital-rago-sera-reemplazado-por-fernando-ali","status":"publish","type":"post","link":"https:\/\/cdnoticias.com\/index.php\/2024\/03\/12\/nuevo-subsecretario-de-salud-y-director-del-hospital-rago-sera-reemplazado-por-fernando-ali\/","title":{"rendered":"Nuevo subsecretario de Salud y director del Hospital: Rago ser\u00e1 reemplazado por Fernando Al\u00ed"},"content":{"rendered":"<p>La decisi\u00f3n fue confirmada por el intendente Wesner. \u201cTerminamos una primera etapa de diagn\u00f3stico\u201d y ahora \u201cempezamos otra que va a requerir de nuevas medidas de gesti\u00f3n\u201d.<!--more--><\/p>\n<hr \/>\n<p>Durante el mediod\u00eda de este martes se conoci\u00f3 un importante cambi\u00f3 en el \u00e1rea de gesti\u00f3n de Salud del Municipio de Olavarr\u00eda:<strong> el doctor Gustavo Rago dej\u00f3 de ser subsecretario de Salud M\u00e9dica y Director del Hospital.<\/strong> De esta forma, se inform\u00f3 oficialmente que <strong>ese cargo pasar\u00e1 a ser ocupado por el doctor Fernando Al\u00ed.<\/strong><\/p>\n<p>La decisi\u00f3n fue confirmada por el intendente municipal Maximiliano Wesner qui\u00e9n destac\u00f3 que \u201cterminamos una primera etapa de diagn\u00f3stico que fue muy importante, tuve una reuni\u00f3n con los m\u00e9dicos a cargo de la subsecretaria, me presentaron un informe, analizamos esta primera etapa y<a href=\"https:\/\/cdnoticias.com\/index.php\/2024\/03\/05\/los-trabajadores-municipales-grandes-protagonistas-del-discurso-de-wesner\/\" target=\"_blank\" rel=\"noopener\"> parte de lo que relevamos lo detall\u00e9 hace pocos d\u00edas durante la apertura de sesiones<\/a>\u201d.<\/p>\n<blockquote><p>\u201cEse trabajo nos permiti\u00f3 analizar el estado de situaci\u00f3n del sistema de salud, de la infraestructura, del personal y ahora empezamos otra etapa que va a requerir de nuevas medidas de gesti\u00f3n\u201d, reconoci\u00f3 Wesner.<\/p><\/blockquote>\n<figure id=\"attachment_103986\" aria-describedby=\"caption-attachment-103986\" style=\"width: 800px\" class=\"wp-caption alignnone\"><img data-recalc-dims=\"1\" loading=\"lazy\" decoding=\"async\" class=\"size-large wp-image-103986\" src=\"https:\/\/i0.wp.com\/cdnoticias.com\/wp-content\/uploads\/2023\/12\/consejo-salud4.jpg?resize=800%2C450&#038;ssl=1\" alt=\"\" width=\"800\" height=\"450\" srcset=\"https:\/\/i0.wp.com\/cdnoticias.com\/wp-content\/uploads\/2023\/12\/consejo-salud4-scaled.jpg?resize=1024%2C576&amp;ssl=1 1024w, https:\/\/i0.wp.com\/cdnoticias.com\/wp-content\/uploads\/2023\/12\/consejo-salud4-scaled.jpg?resize=300%2C169&amp;ssl=1 300w, https:\/\/i0.wp.com\/cdnoticias.com\/wp-content\/uploads\/2023\/12\/consejo-salud4-scaled.jpg?resize=768%2C432&amp;ssl=1 768w, https:\/\/i0.wp.com\/cdnoticias.com\/wp-content\/uploads\/2023\/12\/consejo-salud4-scaled.jpg?resize=1536%2C864&amp;ssl=1 1536w, https:\/\/i0.wp.com\/cdnoticias.com\/wp-content\/uploads\/2023\/12\/consejo-salud4-scaled.jpg?resize=2048%2C1152&amp;ssl=1 2048w, https:\/\/i0.wp.com\/cdnoticias.com\/wp-content\/uploads\/2023\/12\/consejo-salud4-scaled.jpg?w=1600&amp;ssl=1 1600w, https:\/\/i0.wp.com\/cdnoticias.com\/wp-content\/uploads\/2023\/12\/consejo-salud4-scaled.jpg?w=2400&amp;ssl=1 2400w\" sizes=\"auto, (max-width: 800px) 100vw, 800px\" \/><figcaption id=\"caption-attachment-103986\" class=\"wp-caption-text\">El doctor Rago form\u00f3 parte del Consejo de Administraci\u00f3n de Salud.<\/figcaption><\/figure>\n<p>\u201cFernando naci\u00f3 en Olavarr\u00eda, lo conozco desde hace muchos a\u00f1os y lo convoqu\u00e9 para sumarse al equipo, <strong>es una persona con una gran experiencia en gesti\u00f3n y ha trabajado en distintos Hospitales de la magnitud del &#8216;H\u00e9ctor Cura&#8217;<\/strong>\u201d, destac\u00f3 el Intendente.<\/p>\n<p>A su vez, se\u00f1al\u00f3 que \u201c<strong>quiero agradecer enormemente el trabajo realizado por el doctor Gustavo Rago y que nos haya acompa\u00f1ado durante esta etapa.<\/strong> Les comuniqu\u00e9 la decisi\u00f3n, me transmitieron el compromiso de colaborar y no tengo dudas que as\u00ed ser\u00e1, hoy ya estuvieron con Fernando y le mostraron parte del trabajo realizado. <strong>El objetivo sigue siendo el mismo, contar con un sistema de salud que ponga en el centro al vecino y sus necesidades<\/strong>\u201d.<\/p>\n<figure id=\"attachment_111336\" aria-describedby=\"caption-attachment-111336\" style=\"width: 800px\" class=\"wp-caption alignnone\"><img data-recalc-dims=\"1\" loading=\"lazy\" decoding=\"async\" class=\"size-full wp-image-111336\" src=\"https:\/\/i0.wp.com\/cdnoticias.com\/wp-content\/uploads\/2024\/03\/wesner-alvarez-ali-02.jpg?resize=800%2C445&#038;ssl=1\" alt=\"\" width=\"800\" height=\"445\" srcset=\"https:\/\/i0.wp.com\/cdnoticias.com\/wp-content\/uploads\/2024\/03\/wesner-alvarez-ali-02.jpg?w=800&amp;ssl=1 800w, https:\/\/i0.wp.com\/cdnoticias.com\/wp-content\/uploads\/2024\/03\/wesner-alvarez-ali-02.jpg?resize=300%2C167&amp;ssl=1 300w, https:\/\/i0.wp.com\/cdnoticias.com\/wp-content\/uploads\/2024\/03\/wesner-alvarez-ali-02.jpg?resize=768%2C427&amp;ssl=1 768w\" sizes=\"auto, (max-width: 800px) 100vw, 800px\" \/><figcaption id=\"caption-attachment-111336\" class=\"wp-caption-text\">Desde el Municipio destacaron la experiencia del doctor Al\u00ed en gesti\u00f3n y administraci\u00f3n de hospitales y centros de salud.<\/figcaption><\/figure>\n<p>Respecto a los antecedentes del nuevo funcionario, indicaron que Al\u00ed naci\u00f3 en Olavarr\u00eda, se recibi\u00f3 en la Universidad nacional de La Plata, fue docente de la Facultad de Ciencias de la Salud UNICEN y<strong> cuenta con amplia experiencia en gesti\u00f3n y administraci\u00f3n de hospitales y centros de salud.<\/strong><\/p>\n<p>Asimismo, durante los \u00faltimos a\u00f1os se desempe\u00f1\u00f3 como director Ejecutivo del Hospital del Bicentenario de Ituzaing\u00f3, Interventor Administrador Judicial del Hospital Espa\u00f1ol de Buenos Aires, Coordinador de servicio de Salud Mental Cl\u00ednica Psicopatol\u00f3gica y como Gerente nacional de efectores sanitarios propios de PAMI.<\/p>\n","protected":false},"excerpt":{"rendered":"<p>La decisi\u00f3n fue confirmada por el intendente Wesner. \u201cTerminamos una primera etapa de diagn\u00f3stico\u201d y ahora \u201cempezamos otra que va<\/p>\n","protected":false},"author":2,"featured_media":111337,"comment_status":"closed","ping_status":"closed","sticky":false,"template":"","format":"standard","meta":{"_jetpack_memberships_contains_paid_content":false,"footnotes":""},"categories":[4,1],"tags":[],"class_list":["post-111334","post","type-post","status-publish","format-standard","has-post-thumbnail","hentry","category-politica","category-portada"],"jetpack_featured_media_url":"https:\/\/i0.wp.com\/cdnoticias.com\/wp-content\/uploads\/2024\/03\/wesner-alvarez-ali-01.jpg?fit=800%2C445&ssl=1","jetpack_sharing_enabled":true,"_links":{"self":[{"href":"https:\/\/cdnoticias.com\/index.php\/wp-json\/wp\/v2\/posts\/111334","targetHints":{"allow":["GET"]}}],"collection":[{"href":"https:\/\/cdnoticias.com\/index.php\/wp-json\/wp\/v2\/posts"}],"about":[{"href":"https:\/\/cdnoticias.com\/index.php\/wp-json\/wp\/v2\/types\/post"}],"author":[{"embeddable":true,"href":"https:\/\/cdnoticias.com\/index.php\/wp-json\/wp\/v2\/users\/2"}],"replies":[{"embeddable":true,"href":"https:\/\/cdnoticias.com\/index.php\/wp-json\/wp\/v2\/comments?post=111334"}],"version-history":[{"count":0,"href":"https:\/\/cdnoticias.com\/index.php\/wp-json\/wp\/v2\/posts\/111334\/revisions"}],"wp:featuredmedia":[{"embeddable":true,"href":"https:\/\/cdnoticias.com\/index.php\/wp-json\/wp\/v2\/media\/111337"}],"wp:attachment":[{"href":"https:\/\/cdnoticias.com\/index.php\/wp-json\/wp\/v2\/media?parent=111334"}],"wp:term":[{"taxonomy":"category","embeddable":true,"href":"https:\/\/cdnoticias.com\/index.php\/wp-json\/wp\/v2\/categories?post=111334"},{"taxonomy":"post_tag","embeddable":true,"href":"https:\/\/cdnoticias.com\/index.php\/wp-json\/wp\/v2\/tags?post=111334"}],"curies":[{"name":"wp","href":"https:\/\/api.w.org\/{rel}","templated":true}]}}