{"id":111327,"date":"2024-03-13T09:45:52","date_gmt":"2024-03-13T12:45:52","guid":{"rendered":"https:\/\/cdnoticias.com\/?p=111327"},"modified":"2024-03-13T10:59:49","modified_gmt":"2024-03-13T13:59:49","slug":"es-muy-complejo-sostener-las-funciones-basicas-de-nuestra-universidad","status":"publish","type":"post","link":"https:\/\/cdnoticias.com\/index.php\/2024\/03\/13\/es-muy-complejo-sostener-las-funciones-basicas-de-nuestra-universidad\/","title":{"rendered":"\u201cEs muy complejo sostener las funciones b\u00e1sicas de nuestra Universidad\u201d"},"content":{"rendered":"<p>Lo expres\u00f3 la decana de la Facultad de Ciencias Sociales Gabriela Gamberini ante la declaraci\u00f3n del estado de emergencia econ\u00f3mica de la UNICEN.<!--more--><\/p>\n<hr \/>\n<p>La <strong>decana de la Facultad de Ciencias Sociales Gabriela Gamberini<\/strong> habl\u00f3 con <em>Levantate (Radio Sapiens)<\/em> sobre la<strong> declaraci\u00f3n del estado de emergencia econ\u00f3mica de la UNICEN.<\/strong><\/p>\n<p>\u201cEstamos des transitando un inicio de a\u00f1o con una enorme preocupaci\u00f3n\u201d, se\u00f1al\u00f3 la decana y resalt\u00f3 que realizan<strong> \u201ctodos los esfuerzos posibles\u201d para sostener el dictado de clases.<\/strong><\/p>\n<p>En ese sentido detall\u00f3 que \u201cvenimos trabajando fuertemente y reclamando por presupuesto universitario que nos permita sostener las funciones esenciales de la Universidad\u201d y \u201cel d\u00eda 29 de febrero, en una <strong>reuni\u00f3n extraordinaria del Consejo Superior<\/strong> que es el m\u00e1ximo \u00f3rgano de gobierno de la Universidad, acordamos de manera un\u00e1nime declarar la emergencia econ\u00f3mica\u201d.<\/p>\n<blockquote><p>La medida se tom\u00f3 al no haber una actualizaci\u00f3n presupuestaria. La decana se\u00f1al\u00f3 que \u201cse ha tomado una fotograf\u00eda del presupuesto 2023, que fue presentado a fines del 2022 y que proyectaba una inflaci\u00f3n del 60% a 70% y un desarrollo de a\u00f1o y unos \u00edndices inflacionarios por encima del 240%\u201d.<\/p><\/blockquote>\n<p>\u201cLa Universidad y la facultad siempre han manejado presupuestos de manera responsable y prolija. Han sido presupuestos bastante acotados y<strong> con este impacto es muy complejo sostener las funciones b\u00e1sicas de nuestra Universidad<\/strong>\u201d, remarc\u00f3 Gamberini.<\/p>\n","protected":false},"excerpt":{"rendered":"<p>Lo expres\u00f3 la decana de la Facultad de Ciencias Sociales Gabriela Gamberini ante la declaraci\u00f3n del estado de emergencia econ\u00f3mica<\/p>\n","protected":false},"author":2,"featured_media":90145,"comment_status":"closed","ping_status":"closed","sticky":false,"template":"","format":"standard","meta":{"_jetpack_memberships_contains_paid_content":false,"footnotes":""},"categories":[5,1],"tags":[],"class_list":["post-111327","post","type-post","status-publish","format-standard","has-post-thumbnail","hentry","category-informacion-general","category-portada"],"jetpack_featured_media_url":"https:\/\/i0.wp.com\/cdnoticias.com\/wp-content\/uploads\/2023\/07\/gabriela-gamberini-00.jpg?fit=800%2C445&ssl=1","jetpack_sharing_enabled":true,"_links":{"self":[{"href":"https:\/\/cdnoticias.com\/index.php\/wp-json\/wp\/v2\/posts\/111327","targetHints":{"allow":["GET"]}}],"collection":[{"href":"https:\/\/cdnoticias.com\/index.php\/wp-json\/wp\/v2\/posts"}],"about":[{"href":"https:\/\/cdnoticias.com\/index.php\/wp-json\/wp\/v2\/types\/post"}],"author":[{"embeddable":true,"href":"https:\/\/cdnoticias.com\/index.php\/wp-json\/wp\/v2\/users\/2"}],"replies":[{"embeddable":true,"href":"https:\/\/cdnoticias.com\/index.php\/wp-json\/wp\/v2\/comments?post=111327"}],"version-history":[{"count":0,"href":"https:\/\/cdnoticias.com\/index.php\/wp-json\/wp\/v2\/posts\/111327\/revisions"}],"wp:featuredmedia":[{"embeddable":true,"href":"https:\/\/cdnoticias.com\/index.php\/wp-json\/wp\/v2\/media\/90145"}],"wp:attachment":[{"href":"https:\/\/cdnoticias.com\/index.php\/wp-json\/wp\/v2\/media?parent=111327"}],"wp:term":[{"taxonomy":"category","embeddable":true,"href":"https:\/\/cdnoticias.com\/index.php\/wp-json\/wp\/v2\/categories?post=111327"},{"taxonomy":"post_tag","embeddable":true,"href":"https:\/\/cdnoticias.com\/index.php\/wp-json\/wp\/v2\/tags?post=111327"}],"curies":[{"name":"wp","href":"https:\/\/api.w.org\/{rel}","templated":true}]}}