{"id":111325,"date":"2024-03-12T11:05:17","date_gmt":"2024-03-12T14:05:17","guid":{"rendered":"https:\/\/cdnoticias.com\/?p=111325"},"modified":"2024-03-12T15:37:20","modified_gmt":"2024-03-12T18:37:20","slug":"alerta-naranja-suspenden-las-clases-en-el-turno-tarde-y-vespertino-este-martes-en-olavarria","status":"publish","type":"post","link":"https:\/\/cdnoticias.com\/index.php\/2024\/03\/12\/alerta-naranja-suspenden-las-clases-en-el-turno-tarde-y-vespertino-este-martes-en-olavarria\/","title":{"rendered":"Alerta naranja: suspenden las clases en el turno tarde y vespertino este martes en Olavarr\u00eda"},"content":{"rendered":"<p>Ya hab\u00edan sido suspendidas para el turno ma\u00f1ana, y debido a la continuidad de la advertencia por lluvias y tormentas, se decidi\u00f3 extender la medida al resto de la jornada.<!--more--><\/p>\n<hr \/>\n<p>A media ma\u00f1ana de este martes, se conoci\u00f3 la decisi\u00f3n de las autoridades educativas distritales de<strong> suspender las clases para el turno tarde y verspertino de este martes 12 de marzo por la continuidad de las malas condiciones clim\u00e1ticas.<\/strong> Recordemos que el lunes se tom\u00f3 la decisi\u00f3n de <a href=\"https:\/\/cdnoticias.com\/index.php\/2024\/03\/11\/por-el-alerta-naranja-suspenden-las-clases-en-el-turno-manana-en-olavarria\/\" target=\"_blank\" rel=\"noopener\">suspender las actividades durante la ma\u00f1ana de este martes.\u00a0<\/a><\/p>\n<blockquote><p>La medida rige tanto para instituciones educativas p\u00fablicas y privadas del Partido de Olavarr\u00eda debido a la continuidad de la alerta naranja por lluvias y tormentas.<\/p><\/blockquote>\n<p>Recordemos que durante la jornada del lunes se tom\u00f3 una medida similar, tras la fuerte <a href=\"https:\/\/cdnoticias.com\/index.php\/2024\/03\/11\/la-intensa-lluvia-en-olavarria-dejo-varias-calles-anegadas-persiste-el-alerta-naranja\/\" target=\"_blank\" rel=\"noopener\">tormenta registrada durante la ma\u00f1ana,<\/a> lo que provoc\u00f3 <a href=\"https:\/\/cdnoticias.com\/index.php\/2024\/03\/11\/el-municipio-trabaja-en-barrios-afectados-limpieza-de-desagues-y-asistencia-a-familias\/\" target=\"_blank\" rel=\"noopener\">anegamiento de calles y distintas complicaciones<\/a> en diversos sectores de la ciudad.<\/p>\n","protected":false},"excerpt":{"rendered":"<p>Ya hab\u00edan sido suspendidas para el turno ma\u00f1ana, y debido a la continuidad de la advertencia por lluvias y tormentas,<\/p>\n","protected":false},"author":2,"featured_media":108167,"comment_status":"closed","ping_status":"closed","sticky":false,"template":"","format":"standard","meta":{"_jetpack_memberships_contains_paid_content":false,"footnotes":""},"categories":[5,1],"tags":[],"class_list":["post-111325","post","type-post","status-publish","format-standard","has-post-thumbnail","hentry","category-informacion-general","category-portada"],"jetpack_featured_media_url":"https:\/\/i0.wp.com\/cdnoticias.com\/wp-content\/uploads\/2024\/02\/lluvia-tiempo-clima-01.jpg?fit=800%2C445&ssl=1","jetpack_sharing_enabled":true,"_links":{"self":[{"href":"https:\/\/cdnoticias.com\/index.php\/wp-json\/wp\/v2\/posts\/111325","targetHints":{"allow":["GET"]}}],"collection":[{"href":"https:\/\/cdnoticias.com\/index.php\/wp-json\/wp\/v2\/posts"}],"about":[{"href":"https:\/\/cdnoticias.com\/index.php\/wp-json\/wp\/v2\/types\/post"}],"author":[{"embeddable":true,"href":"https:\/\/cdnoticias.com\/index.php\/wp-json\/wp\/v2\/users\/2"}],"replies":[{"embeddable":true,"href":"https:\/\/cdnoticias.com\/index.php\/wp-json\/wp\/v2\/comments?post=111325"}],"version-history":[{"count":0,"href":"https:\/\/cdnoticias.com\/index.php\/wp-json\/wp\/v2\/posts\/111325\/revisions"}],"wp:featuredmedia":[{"embeddable":true,"href":"https:\/\/cdnoticias.com\/index.php\/wp-json\/wp\/v2\/media\/108167"}],"wp:attachment":[{"href":"https:\/\/cdnoticias.com\/index.php\/wp-json\/wp\/v2\/media?parent=111325"}],"wp:term":[{"taxonomy":"category","embeddable":true,"href":"https:\/\/cdnoticias.com\/index.php\/wp-json\/wp\/v2\/categories?post=111325"},{"taxonomy":"post_tag","embeddable":true,"href":"https:\/\/cdnoticias.com\/index.php\/wp-json\/wp\/v2\/tags?post=111325"}],"curies":[{"name":"wp","href":"https:\/\/api.w.org\/{rel}","templated":true}]}}