{"id":111311,"date":"2024-03-12T09:28:12","date_gmt":"2024-03-12T12:28:12","guid":{"rendered":"https:\/\/cdnoticias.com\/?p=111311"},"modified":"2024-03-12T11:06:02","modified_gmt":"2024-03-12T14:06:02","slug":"olavarria-alcanzada-por-el-paro-de-48-horas-que-anuncio-la-uta","status":"publish","type":"post","link":"https:\/\/cdnoticias.com\/index.php\/2024\/03\/12\/olavarria-alcanzada-por-el-paro-de-48-horas-que-anuncio-la-uta\/","title":{"rendered":"Olavarr\u00eda alcanzada por el paro de 48 horas que anunci\u00f3 la UTA"},"content":{"rendered":"<p>Ser\u00e1 este mi\u00e9rcoles 13 y jueves 14 en todo el Partido. La medida repercutir\u00e1 tanto en el transporte urbano como interurbano.<!--more--><\/p>\n<hr \/>\n<p>La <strong>Uni\u00f3n Tranviarios Automotor (UTA)<\/strong> anunci\u00f3 un paro de colectivos en el interior del pa\u00eds para este<strong> mi\u00e9rcoles 13 y jueves 14 de marzo<\/strong> ante la falta de acuerdo paritario con los empresarios del sector.<\/p>\n<p>La medida fue informada durante la noche del lunes a trav\u00e9s de un comunicado en el que expresaron que \u201c<strong>han fracasado las reuniones con la federaci\u00f3n<\/strong> que representa a las empresas de transporte de pasajeros del interior del pa\u00eds, sin acercar ofrecimiento de incremento salarial alguno, por lo cual se profundizar\u00e1n las medidas de acci\u00f3n gremial\u201d.<\/p>\n<p><img data-recalc-dims=\"1\" loading=\"lazy\" decoding=\"async\" class=\"alignnone size-full wp-image-111312\" src=\"https:\/\/i0.wp.com\/cdnoticias.com\/wp-content\/uploads\/2024\/03\/uta-paro48.jpg?resize=800%2C445&#038;ssl=1\" alt=\"\" width=\"800\" height=\"445\" srcset=\"https:\/\/i0.wp.com\/cdnoticias.com\/wp-content\/uploads\/2024\/03\/uta-paro48.jpg?w=800&amp;ssl=1 800w, https:\/\/i0.wp.com\/cdnoticias.com\/wp-content\/uploads\/2024\/03\/uta-paro48.jpg?resize=300%2C167&amp;ssl=1 300w, https:\/\/i0.wp.com\/cdnoticias.com\/wp-content\/uploads\/2024\/03\/uta-paro48.jpg?resize=768%2C427&amp;ssl=1 768w\" sizes=\"auto, (max-width: 800px) 100vw, 800px\" \/><\/p>\n<p>No obstante, el gremio aclar\u00f3 que \u201c<strong>se ha arribado a acuerdos locales en distintas jurisdicciones del interior,<\/strong> con el mismo incremento salarial que el alcanzado para el AMBA, garantizando as\u00ed el salario digno y asegurando la paz social\u201d.<\/p>\n<p>Consultados referentes locales de la UTA, informaron que la medida<strong> \u201chasta el momento\u201d se concretar\u00e1 durante 48 horas y afectar\u00e1 tanto al transporte urbano como interurbano del Partido de Olavarr\u00eda.\u00a0<\/strong><\/p>\n","protected":false},"excerpt":{"rendered":"<p>Ser\u00e1 este mi\u00e9rcoles 13 y jueves 14 en todo el Partido. La medida repercutir\u00e1 tanto en el transporte urbano como<\/p>\n","protected":false},"author":2,"featured_media":57251,"comment_status":"closed","ping_status":"closed","sticky":false,"template":"","format":"standard","meta":{"_jetpack_memberships_contains_paid_content":false,"footnotes":""},"categories":[5,1],"tags":[],"class_list":["post-111311","post","type-post","status-publish","format-standard","has-post-thumbnail","hentry","category-informacion-general","category-portada"],"jetpack_featured_media_url":"https:\/\/i0.wp.com\/cdnoticias.com\/wp-content\/uploads\/2022\/06\/terminal-colectivos-las-sierras-02.jpg?fit=1440%2C802&ssl=1","jetpack_sharing_enabled":true,"_links":{"self":[{"href":"https:\/\/cdnoticias.com\/index.php\/wp-json\/wp\/v2\/posts\/111311","targetHints":{"allow":["GET"]}}],"collection":[{"href":"https:\/\/cdnoticias.com\/index.php\/wp-json\/wp\/v2\/posts"}],"about":[{"href":"https:\/\/cdnoticias.com\/index.php\/wp-json\/wp\/v2\/types\/post"}],"author":[{"embeddable":true,"href":"https:\/\/cdnoticias.com\/index.php\/wp-json\/wp\/v2\/users\/2"}],"replies":[{"embeddable":true,"href":"https:\/\/cdnoticias.com\/index.php\/wp-json\/wp\/v2\/comments?post=111311"}],"version-history":[{"count":0,"href":"https:\/\/cdnoticias.com\/index.php\/wp-json\/wp\/v2\/posts\/111311\/revisions"}],"wp:featuredmedia":[{"embeddable":true,"href":"https:\/\/cdnoticias.com\/index.php\/wp-json\/wp\/v2\/media\/57251"}],"wp:attachment":[{"href":"https:\/\/cdnoticias.com\/index.php\/wp-json\/wp\/v2\/media?parent=111311"}],"wp:term":[{"taxonomy":"category","embeddable":true,"href":"https:\/\/cdnoticias.com\/index.php\/wp-json\/wp\/v2\/categories?post=111311"},{"taxonomy":"post_tag","embeddable":true,"href":"https:\/\/cdnoticias.com\/index.php\/wp-json\/wp\/v2\/tags?post=111311"}],"curies":[{"name":"wp","href":"https:\/\/api.w.org\/{rel}","templated":true}]}}