{"id":111248,"date":"2024-03-11T16:43:44","date_gmt":"2024-03-11T19:43:44","guid":{"rendered":"https:\/\/cdnoticias.com\/?p=111248"},"modified":"2024-03-11T19:46:04","modified_gmt":"2024-03-11T22:46:04","slug":"el-municipio-trabaja-en-barrios-afectados-limpieza-de-desagues-y-asistencia-a-familias","status":"publish","type":"post","link":"https:\/\/cdnoticias.com\/index.php\/2024\/03\/11\/el-municipio-trabaja-en-barrios-afectados-limpieza-de-desagues-y-asistencia-a-familias\/","title":{"rendered":"El Municipio trabaja en barrios afectados: limpieza de desag\u00fces y asistencia a familias"},"content":{"rendered":"<p>La tormenta registrada en Olavarr\u00eda gener\u00f3 complicaciones en distintos puntos de la ciudad. Uno de los sectores m\u00e1s afectados es el comprendido por los barrios Isaura, Bel\u00e9n y Eucaliptus.<!--more--><\/p>\n<hr \/>\n<p>El Municipio de Olavarr\u00eda despleg\u00f3 un<strong> dispositivo de asistencia a familias afectadas por la abundante ca\u00edda de agua<\/strong> lo que gener\u00f3 diversas complicaciones, con calles anegadas e ingreso de agua a domicilios.<\/p>\n<p>\u201c<strong>Cayeron 40 mil\u00edmetros en una hora.<\/strong> Hubo anegamientos en varios sectores, algunos con entrada de agua a domicilios, pr\u00e1cticamente toda la ciudad se vio afectada. Uno de los sectores m\u00e1s perjudicados es el barrio Eucaliptus, desde Desarrollo de la Comunidad se est\u00e1 trabajando con la Sociedad de Fomento para dar asistencia a las familias, se les brind\u00f3 comida, colchones y tendr\u00e1n lugar para trasladar las pertenencias\u201d, se\u00f1al\u00f3 la<strong> jefa de Gabinete Mercedes Land\u00edvar.<\/strong><\/p>\n<blockquote><p>Asimismo, resalt\u00f3 que \u201cninguna familia fue evacuada. Adem\u00e1s, estamos realizando un relevamiento en cada caso. El abordaje m\u00e1s amplio se hizo en el barrio Isaura, Bel\u00e9n y Eucaliptus\u201d.<\/p><\/blockquote>\n<p>\u201cDesde el \u00e1rea de Obras P\u00fablicas se hizo una recorrida por los puntos de conflicto junto con la empresa Malvinas para ir<strong> limpiando los desag\u00fces pluviales y se programaron limpiezas para lo que queda del d\u00eda. En algunos lugares puntuales se hizo limpieza de canales<\/strong>\u201d, detall\u00f3 la funcionaria.<\/p>\n<figure id=\"attachment_111250\" aria-describedby=\"caption-attachment-111250\" style=\"width: 800px\" class=\"wp-caption alignnone\"><img data-recalc-dims=\"1\" loading=\"lazy\" decoding=\"async\" class=\"size-full wp-image-111250\" src=\"https:\/\/i0.wp.com\/cdnoticias.com\/wp-content\/uploads\/2024\/03\/lluvia-calles-anegadas4.jpg?resize=800%2C445&#038;ssl=1\" alt=\"\" width=\"800\" height=\"445\" srcset=\"https:\/\/i0.wp.com\/cdnoticias.com\/wp-content\/uploads\/2024\/03\/lluvia-calles-anegadas4.jpg?w=800&amp;ssl=1 800w, https:\/\/i0.wp.com\/cdnoticias.com\/wp-content\/uploads\/2024\/03\/lluvia-calles-anegadas4.jpg?resize=300%2C167&amp;ssl=1 300w, https:\/\/i0.wp.com\/cdnoticias.com\/wp-content\/uploads\/2024\/03\/lluvia-calles-anegadas4.jpg?resize=768%2C427&amp;ssl=1 768w\" sizes=\"auto, (max-width: 800px) 100vw, 800px\" \/><figcaption id=\"caption-attachment-111250\" class=\"wp-caption-text\">Desde el Municipio indicaron que se encuentra habilitada la l\u00ednea 2284 531118 de Desarrollo Social para pedir asistencia.<\/figcaption><\/figure>\n<p>Por otra parte, explic\u00f3 que \u201cen el <strong>Hospital de Hinojo la ca\u00edda de un rayo provoc\u00f3 que se cortara la energ\u00eda, da\u00f1ando la instalaci\u00f3n interna y parte de la red de provisi\u00f3n externa.<\/strong> Se realizaron trabajos para la recuperaci\u00f3n de todo el cableado en los distintos sectores del Hospital. Tambi\u00e9n hubo intervenci\u00f3n de Coopelectric por la parte externa del edificio\u201d.<\/p>\n<p>Las tareas son llevadas de manera conjunta desde la<strong> Secretar\u00eda de Desarrollo de la Comunidad, Obras P\u00fablicas, Subsecretar\u00eda de Seguridad, Jefatura de Gabinete y Defensa Civil<\/strong> y se han desplegado, entre otros puntos, principalmente en los barrios Isaura, Bel\u00e9n, Eucaliptus y Matadero. Se informa que se encuentra habilitada la l\u00ednea <strong>2284 531118 de Desarrollo Social<\/strong> para pedir asistencia.<\/p>\n","protected":false},"excerpt":{"rendered":"<p>La tormenta registrada en Olavarr\u00eda gener\u00f3 complicaciones en distintos puntos de la ciudad. Uno de los sectores m\u00e1s afectados es<\/p>\n","protected":false},"author":2,"featured_media":111249,"comment_status":"closed","ping_status":"closed","sticky":false,"template":"","format":"standard","meta":{"_jetpack_memberships_contains_paid_content":false,"footnotes":""},"categories":[5,1],"tags":[],"class_list":["post-111248","post","type-post","status-publish","format-standard","has-post-thumbnail","hentry","category-informacion-general","category-portada"],"jetpack_featured_media_url":"https:\/\/i0.wp.com\/cdnoticias.com\/wp-content\/uploads\/2024\/03\/lluvia-calles-anegadas3.jpg?fit=800%2C445&ssl=1","jetpack_sharing_enabled":true,"_links":{"self":[{"href":"https:\/\/cdnoticias.com\/index.php\/wp-json\/wp\/v2\/posts\/111248","targetHints":{"allow":["GET"]}}],"collection":[{"href":"https:\/\/cdnoticias.com\/index.php\/wp-json\/wp\/v2\/posts"}],"about":[{"href":"https:\/\/cdnoticias.com\/index.php\/wp-json\/wp\/v2\/types\/post"}],"author":[{"embeddable":true,"href":"https:\/\/cdnoticias.com\/index.php\/wp-json\/wp\/v2\/users\/2"}],"replies":[{"embeddable":true,"href":"https:\/\/cdnoticias.com\/index.php\/wp-json\/wp\/v2\/comments?post=111248"}],"version-history":[{"count":0,"href":"https:\/\/cdnoticias.com\/index.php\/wp-json\/wp\/v2\/posts\/111248\/revisions"}],"wp:featuredmedia":[{"embeddable":true,"href":"https:\/\/cdnoticias.com\/index.php\/wp-json\/wp\/v2\/media\/111249"}],"wp:attachment":[{"href":"https:\/\/cdnoticias.com\/index.php\/wp-json\/wp\/v2\/media?parent=111248"}],"wp:term":[{"taxonomy":"category","embeddable":true,"href":"https:\/\/cdnoticias.com\/index.php\/wp-json\/wp\/v2\/categories?post=111248"},{"taxonomy":"post_tag","embeddable":true,"href":"https:\/\/cdnoticias.com\/index.php\/wp-json\/wp\/v2\/tags?post=111248"}],"curies":[{"name":"wp","href":"https:\/\/api.w.org\/{rel}","templated":true}]}}