{"id":11123,"date":"2021-01-11T09:03:13","date_gmt":"2021-01-11T12:03:13","guid":{"rendered":"http:\/\/www.centraldenoticias.com.ar\/?p=11123"},"modified":"2021-01-11T10:40:43","modified_gmt":"2021-01-11T13:40:43","slug":"este-martes-podria-levantarse-el-paro-en-ola-bus","status":"publish","type":"post","link":"https:\/\/cdnoticias.com\/index.php\/2021\/01\/11\/este-martes-podria-levantarse-el-paro-en-ola-bus\/","title":{"rendered":"Este martes podr\u00eda levantarse el paro en Ola Bus"},"content":{"rendered":"<p>Lo inform\u00f3 Jorge Pad\u00edn, delegado de UTA. Los trabajadores esperan el pago de la adeudado.<!--more--><\/p>\n<hr \/>\n<p><strong>El paro en la empresa de transporte p\u00fablico interurbano podr\u00eda levantarse este martes<\/strong>. La estimaci\u00f3n corresponde a Jorge Pad\u00edn, delegado del sindicato UTA en la empresa.<\/p>\n<p>Este lunes <strong>se cumplen 19 d\u00edas desde el inicio de la medida de fuerza<\/strong>: comenz\u00f3 el 23 de diciembre en <a href=\"https:\/\/cdnoticias.com\/index.php\/2020\/12\/23\/el-municipio-sancionara-a-olabus-por-el-incumplimiento-del-servicio\/\" target=\"_blank\" rel=\"noopener\">reclamo del pago del aguinaldo<\/a> por parte de unos 40 empleados.<\/p>\n<p>Pad\u00edn dio a conocer que <a href=\"https:\/\/cdnoticias.com\/index.php\/2021\/01\/09\/con-pequenos-avances-continua-el-paro-de-choferes-de-ola-bus\/\" target=\"_blank\" rel=\"noopener\">la empresa recibi\u00f3 el pago de subsidios nacionales<\/a> y, con ellos, <strong>abonar\u00e1 lo adeudado a los choferes<\/strong>.<\/p>\n<blockquote><p>\u201cMa\u00f1ana (por el martes) lo tendr\u00edamos en nuestra cuenta y levantar\u00edamos el paro. Ojal\u00e1 as\u00ed sea\u201d se esperanz\u00f3 el referente sindical en di\u00e1logo con Central de Noticias.<\/p><\/blockquote>\n<p>Agreg\u00f3 que los trabajadores <strong>esperan percibir no s\u00f3lo el pago del aguinaldo sino tambi\u00e9n la primera cuota de un pago retroactivo<\/strong> que se acord\u00f3 en tres partes.<\/p>\n","protected":false},"excerpt":{"rendered":"<p>Lo inform\u00f3 Jorge Pad\u00edn, delegado de UTA. Los trabajadores esperan el pago de la adeudado.<\/p>\n","protected":false},"author":4,"featured_media":1449,"comment_status":"closed","ping_status":"closed","sticky":false,"template":"","format":"standard","meta":{"_jetpack_memberships_contains_paid_content":false,"footnotes":""},"categories":[5,1],"tags":[],"class_list":["post-11123","post","type-post","status-publish","format-standard","has-post-thumbnail","hentry","category-informacion-general","category-portada"],"jetpack_featured_media_url":"https:\/\/i0.wp.com\/cdnoticias.com\/wp-content\/uploads\/2020\/09\/olabus.jpeg?fit=800%2C523&ssl=1","jetpack_sharing_enabled":true,"_links":{"self":[{"href":"https:\/\/cdnoticias.com\/index.php\/wp-json\/wp\/v2\/posts\/11123","targetHints":{"allow":["GET"]}}],"collection":[{"href":"https:\/\/cdnoticias.com\/index.php\/wp-json\/wp\/v2\/posts"}],"about":[{"href":"https:\/\/cdnoticias.com\/index.php\/wp-json\/wp\/v2\/types\/post"}],"author":[{"embeddable":true,"href":"https:\/\/cdnoticias.com\/index.php\/wp-json\/wp\/v2\/users\/4"}],"replies":[{"embeddable":true,"href":"https:\/\/cdnoticias.com\/index.php\/wp-json\/wp\/v2\/comments?post=11123"}],"version-history":[{"count":0,"href":"https:\/\/cdnoticias.com\/index.php\/wp-json\/wp\/v2\/posts\/11123\/revisions"}],"wp:featuredmedia":[{"embeddable":true,"href":"https:\/\/cdnoticias.com\/index.php\/wp-json\/wp\/v2\/media\/1449"}],"wp:attachment":[{"href":"https:\/\/cdnoticias.com\/index.php\/wp-json\/wp\/v2\/media?parent=11123"}],"wp:term":[{"taxonomy":"category","embeddable":true,"href":"https:\/\/cdnoticias.com\/index.php\/wp-json\/wp\/v2\/categories?post=11123"},{"taxonomy":"post_tag","embeddable":true,"href":"https:\/\/cdnoticias.com\/index.php\/wp-json\/wp\/v2\/tags?post=11123"}],"curies":[{"name":"wp","href":"https:\/\/api.w.org\/{rel}","templated":true}]}}