{"id":11120,"date":"2021-01-11T08:29:22","date_gmt":"2021-01-11T11:29:22","guid":{"rendered":"http:\/\/www.centraldenoticias.com.ar\/?p=11120"},"modified":"2021-01-11T08:29:22","modified_gmt":"2021-01-11T11:29:22","slug":"aclaracion-del-partido-obrero-no-piden-afiliaciones","status":"publish","type":"post","link":"https:\/\/cdnoticias.com\/index.php\/2021\/01\/11\/aclaracion-del-partido-obrero-no-piden-afiliaciones\/","title":{"rendered":"Aclaraci\u00f3n del Partido Obrero: no piden afiliaciones"},"content":{"rendered":"<p>El partido local emiti\u00f3 un comunicado ante consultas de vecinos.<!--more--><\/p>\n<hr \/>\n<p>Desde el Partido Obrero se dio a conocer un comunicado en el que aclaran que no se lleva adelante ninguna campa\u00f1a de afiliaci\u00f3n en el plano local.<\/p>\n<p>\u201cDesde el Partido Obrero Olavarr\u00eda queremos comunicar que no estamos realizando ninguna campa\u00f1a de afiliaci\u00f3n ni de junta de adhesiones en el municipio. Creemos necesario aclararlo ya que nos han llegado consultas de distintos vecinos y vecinas preguntando si somos nosotrxs quienes afilian y buscan adhesiones casa por casa o en la v\u00eda p\u00fablica\u201d se indic\u00f3.<\/p>\n<p>En ese sentido, se expuso que \u201cquienes est\u00e1n realizando esa actividad no son militantes del Partido Obrero, han venido de otras localidades usurpando nuestro nombre y la figura de nuestrxs referentes locales. Est\u00e1n pidiendo adhesiones y afiliaciones para legalizar una organizaci\u00f3n distinta\u201d.<\/p>\n<p>Ante cualquier duda o consulta, los interesados pueden contactarse con las redes sociales (Facebook e Instagram) del partido.<\/p>\n<p>Por \u00faltimo, se indic\u00f3 \u201cquienes quieran colaborar afili\u00e1ndose realmente al Partido Obrero pueden comunicarse al 15535566\u201d.<\/p>\n","protected":false},"excerpt":{"rendered":"<p>El partido local emiti\u00f3 un comunicado ante consultas de vecinos.<\/p>\n","protected":false},"author":4,"featured_media":11122,"comment_status":"closed","ping_status":"closed","sticky":false,"template":"","format":"standard","meta":{"_jetpack_memberships_contains_paid_content":false,"footnotes":""},"categories":[4,1],"tags":[],"class_list":["post-11120","post","type-post","status-publish","format-standard","has-post-thumbnail","hentry","category-politica","category-portada"],"jetpack_featured_media_url":"https:\/\/i0.wp.com\/cdnoticias.com\/wp-content\/uploads\/2021\/01\/partidoobrero800x445.jpg?fit=800%2C444&ssl=1","jetpack_sharing_enabled":true,"_links":{"self":[{"href":"https:\/\/cdnoticias.com\/index.php\/wp-json\/wp\/v2\/posts\/11120","targetHints":{"allow":["GET"]}}],"collection":[{"href":"https:\/\/cdnoticias.com\/index.php\/wp-json\/wp\/v2\/posts"}],"about":[{"href":"https:\/\/cdnoticias.com\/index.php\/wp-json\/wp\/v2\/types\/post"}],"author":[{"embeddable":true,"href":"https:\/\/cdnoticias.com\/index.php\/wp-json\/wp\/v2\/users\/4"}],"replies":[{"embeddable":true,"href":"https:\/\/cdnoticias.com\/index.php\/wp-json\/wp\/v2\/comments?post=11120"}],"version-history":[{"count":0,"href":"https:\/\/cdnoticias.com\/index.php\/wp-json\/wp\/v2\/posts\/11120\/revisions"}],"wp:featuredmedia":[{"embeddable":true,"href":"https:\/\/cdnoticias.com\/index.php\/wp-json\/wp\/v2\/media\/11122"}],"wp:attachment":[{"href":"https:\/\/cdnoticias.com\/index.php\/wp-json\/wp\/v2\/media?parent=11120"}],"wp:term":[{"taxonomy":"category","embeddable":true,"href":"https:\/\/cdnoticias.com\/index.php\/wp-json\/wp\/v2\/categories?post=11120"},{"taxonomy":"post_tag","embeddable":true,"href":"https:\/\/cdnoticias.com\/index.php\/wp-json\/wp\/v2\/tags?post=11120"}],"curies":[{"name":"wp","href":"https:\/\/api.w.org\/{rel}","templated":true}]}}