{"id":111134,"date":"2024-03-11T08:40:40","date_gmt":"2024-03-11T11:40:40","guid":{"rendered":"https:\/\/cdnoticias.com\/?p=111134"},"modified":"2024-03-11T10:28:38","modified_gmt":"2024-03-11T13:28:38","slug":"bajo-la-lluvia-la-ultima-noche-del-festival-de-doma-y-folclore-fue-una-verdadera-fiesta","status":"publish","type":"post","link":"https:\/\/cdnoticias.com\/index.php\/2024\/03\/11\/bajo-la-lluvia-la-ultima-noche-del-festival-de-doma-y-folclore-fue-una-verdadera-fiesta\/","title":{"rendered":"Bajo la lluvia, la \u00faltima noche del Festival de Doma y Folclore fue una verdadera fiesta"},"content":{"rendered":"\n<p>Con un cambio en la agenda por el alerta amarilla por tormentas, el Chaque\u00f1o Palavecino brill\u00f3 en el escenario Horacio Guarany. Sortearon los principales premios de la rifa, hubo doma y m\u00e1s artistas.<\/p>\n\n\n\n<hr class=\"wp-block-separator aligncenter has-alpha-channel-opacity\"\/>\n\n\n\n<p>Con la mirada puesta en lo que podr\u00eda suceder con la lluvia pronosticada para el domingo a la tarde (y con m\u00e1s intensidad en la noche) <strong>el Festival de Doma y Folclore cerr\u00f3 una verdadera fiesta, con el Chaque\u00f1o Palavecino, Carlos Ram\u00f3n Fern\u00e1ndez, el sorteo de los premios de la rifa, la \u00faltima jornada de la jineteada, entre las decenas de opciones que ofrece esta actividad que puso fin a su edici\u00f3n 20.<\/strong><\/p>\n\n\n\n<p><strong>La jineteada, que comenz\u00f3 pasadas las 17:00 horas, tuvo un alt\u00edsimo nivel y una gran convocatoria<\/strong>, la m\u00e1s importante de esta actividad durante el fin de semana. Si bien la ambulancia tuvo que intervenir en algunas oportunidades, no hubo grandes inconvenientes y la multitud se concentr\u00f3 en el campo de doma de la Sociedad Rural.<\/p>\n\n\n\n<figure class=\"wp-block-image size-full\"><img data-recalc-dims=\"1\" loading=\"lazy\" decoding=\"async\" width=\"800\" height=\"531\" src=\"https:\/\/i0.wp.com\/cdnoticias.com\/wp-content\/uploads\/2024\/03\/FestivalOlavarria24Olavarria-17.jpg?resize=800%2C531&#038;ssl=1\" alt=\"\" class=\"wp-image-111152\" srcset=\"https:\/\/i0.wp.com\/cdnoticias.com\/wp-content\/uploads\/2024\/03\/FestivalOlavarria24Olavarria-17.jpg?w=1024&amp;ssl=1 1024w, https:\/\/i0.wp.com\/cdnoticias.com\/wp-content\/uploads\/2024\/03\/FestivalOlavarria24Olavarria-17.jpg?resize=300%2C199&amp;ssl=1 300w, https:\/\/i0.wp.com\/cdnoticias.com\/wp-content\/uploads\/2024\/03\/FestivalOlavarria24Olavarria-17.jpg?resize=768%2C510&amp;ssl=1 768w, https:\/\/i0.wp.com\/cdnoticias.com\/wp-content\/uploads\/2024\/03\/FestivalOlavarria24Olavarria-17.jpg?resize=272%2C182&amp;ssl=1 272w\" sizes=\"auto, (max-width: 800px) 100vw, 800px\" \/><\/figure>\n\n\n\n<p>En paralelo, <strong>se realiz\u00f3 el sorteo por los principales premios de la rifa del Festival. El lamatritense Jorge Baudriz gan\u00f3 el premio mayor, una camioneta 0 kil\u00f3metro. <\/strong>Agustina P\u00e1ez, de Olavarr\u00eda, gan\u00f3 3 millones de pesos. El tercer premio fue para otro olavarriense, Mat\u00edas Block, que gan\u00f3 1 mill\u00f3n y medio, mientras que Ra\u00fal Barrag\u00e1n de Orense obtuvo el cuarto lugar con 1 mill\u00f3n y Rub\u00e9n L\u00f3pez, de Viedma, gan\u00f3 500 mil pesos.<\/p>\n\n\n\n<figure class=\"wp-block-image size-full\"><img data-recalc-dims=\"1\" loading=\"lazy\" decoding=\"async\" width=\"800\" height=\"531\" src=\"https:\/\/i0.wp.com\/cdnoticias.com\/wp-content\/uploads\/2024\/03\/FestivalOlavarria24Olavarria-13.jpg?resize=800%2C531&#038;ssl=1\" alt=\"\" class=\"wp-image-111148\" srcset=\"https:\/\/i0.wp.com\/cdnoticias.com\/wp-content\/uploads\/2024\/03\/FestivalOlavarria24Olavarria-13.jpg?w=1024&amp;ssl=1 1024w, https:\/\/i0.wp.com\/cdnoticias.com\/wp-content\/uploads\/2024\/03\/FestivalOlavarria24Olavarria-13.jpg?resize=300%2C199&amp;ssl=1 300w, https:\/\/i0.wp.com\/cdnoticias.com\/wp-content\/uploads\/2024\/03\/FestivalOlavarria24Olavarria-13.jpg?resize=768%2C510&amp;ssl=1 768w, https:\/\/i0.wp.com\/cdnoticias.com\/wp-content\/uploads\/2024\/03\/FestivalOlavarria24Olavarria-13.jpg?resize=272%2C182&amp;ssl=1 272w\" sizes=\"auto, (max-width: 800px) 100vw, 800px\" \/><\/figure>\n\n\n\n<p>Con la amenaza de lluvia \u2013hubo una alerta amarilla por tormentas que se intensificaba durante la madrugada-<strong> la organizaci\u00f3n decidi\u00f3 modificar toda su agenda en pos de que los artistas m\u00e1s \u201cconvocantes\u201d puedan formar parte del escenario mayor \u201cHoracio Guarany\u201d.<\/strong><\/p>\n\n\n\n<p><\/p>\n\n\n\n<p>La primera en subir a cantar fue <strong>Daiana Colamarino,<\/strong> una joven que nuevamente deslumbr\u00f3 a los presentes con su m\u00fasica, con su recuerdo a Horacio Guarany y a las legendarias canciones del folclore argentino.<\/p>\n\n\n\n<figure class=\"wp-block-image size-full is-resized\"><img data-recalc-dims=\"1\" loading=\"lazy\" decoding=\"async\" width=\"800\" height=\"531\" src=\"https:\/\/i0.wp.com\/cdnoticias.com\/wp-content\/uploads\/2024\/03\/FestivalOlavarria24Olavarria-33.jpg?resize=800%2C531&#038;ssl=1\" alt=\"\" class=\"wp-image-111168\" style=\"width:1140px;height:auto\" srcset=\"https:\/\/i0.wp.com\/cdnoticias.com\/wp-content\/uploads\/2024\/03\/FestivalOlavarria24Olavarria-33.jpg?w=1024&amp;ssl=1 1024w, https:\/\/i0.wp.com\/cdnoticias.com\/wp-content\/uploads\/2024\/03\/FestivalOlavarria24Olavarria-33.jpg?resize=300%2C199&amp;ssl=1 300w, https:\/\/i0.wp.com\/cdnoticias.com\/wp-content\/uploads\/2024\/03\/FestivalOlavarria24Olavarria-33.jpg?resize=768%2C510&amp;ssl=1 768w, https:\/\/i0.wp.com\/cdnoticias.com\/wp-content\/uploads\/2024\/03\/FestivalOlavarria24Olavarria-33.jpg?resize=272%2C182&amp;ssl=1 272w\" sizes=\"auto, (max-width: 800px) 100vw, 800px\" \/><\/figure>\n\n\n\n<figure class=\"wp-block-image size-full\"><img data-recalc-dims=\"1\" loading=\"lazy\" decoding=\"async\" width=\"800\" height=\"531\" src=\"https:\/\/i0.wp.com\/cdnoticias.com\/wp-content\/uploads\/2024\/03\/FestivalOlavarria24Olavarria-40.jpg?resize=800%2C531&#038;ssl=1\" alt=\"\" class=\"wp-image-111175\" srcset=\"https:\/\/i0.wp.com\/cdnoticias.com\/wp-content\/uploads\/2024\/03\/FestivalOlavarria24Olavarria-40.jpg?w=1024&amp;ssl=1 1024w, https:\/\/i0.wp.com\/cdnoticias.com\/wp-content\/uploads\/2024\/03\/FestivalOlavarria24Olavarria-40.jpg?resize=300%2C199&amp;ssl=1 300w, https:\/\/i0.wp.com\/cdnoticias.com\/wp-content\/uploads\/2024\/03\/FestivalOlavarria24Olavarria-40.jpg?resize=768%2C510&amp;ssl=1 768w, https:\/\/i0.wp.com\/cdnoticias.com\/wp-content\/uploads\/2024\/03\/FestivalOlavarria24Olavarria-40.jpg?resize=272%2C182&amp;ssl=1 272w\" sizes=\"auto, (max-width: 800px) 100vw, 800px\" \/><\/figure>\n\n\n\n<p>Luego, <strong>subi\u00f3 uno de los pr\u00f3ceres del Festival: Carlos Ram\u00f3n Fern\u00e1ndez<\/strong> en una nueva edici\u00f3n, con el repaso por sus grandes canciones en un show breve y \u201ca las chapas\u201d seg\u00fan el propio Fern\u00e1ndez, teniendo en cuenta que la lluvia estaba pronosticada para las 21 horas y algunas gotitas presagiaban dicho final.<\/p>\n\n\n\n<figure class=\"wp-block-image size-full\"><img data-recalc-dims=\"1\" loading=\"lazy\" decoding=\"async\" width=\"800\" height=\"531\" src=\"https:\/\/i0.wp.com\/cdnoticias.com\/wp-content\/uploads\/2024\/03\/FestivalOlavarria24Olavarria-49.jpg?resize=800%2C531&#038;ssl=1\" alt=\"\" class=\"wp-image-111184\" srcset=\"https:\/\/i0.wp.com\/cdnoticias.com\/wp-content\/uploads\/2024\/03\/FestivalOlavarria24Olavarria-49.jpg?w=1024&amp;ssl=1 1024w, https:\/\/i0.wp.com\/cdnoticias.com\/wp-content\/uploads\/2024\/03\/FestivalOlavarria24Olavarria-49.jpg?resize=300%2C199&amp;ssl=1 300w, https:\/\/i0.wp.com\/cdnoticias.com\/wp-content\/uploads\/2024\/03\/FestivalOlavarria24Olavarria-49.jpg?resize=768%2C510&amp;ssl=1 768w, https:\/\/i0.wp.com\/cdnoticias.com\/wp-content\/uploads\/2024\/03\/FestivalOlavarria24Olavarria-49.jpg?resize=272%2C182&amp;ssl=1 272w\" sizes=\"auto, (max-width: 800px) 100vw, 800px\" \/><\/figure>\n\n\n\n<figure class=\"wp-block-image size-full\"><img data-recalc-dims=\"1\" loading=\"lazy\" decoding=\"async\" width=\"800\" height=\"531\" src=\"https:\/\/i0.wp.com\/cdnoticias.com\/wp-content\/uploads\/2024\/03\/FestivalOlavarria24Olavarria-55.jpg?resize=800%2C531&#038;ssl=1\" alt=\"\" class=\"wp-image-111190\" srcset=\"https:\/\/i0.wp.com\/cdnoticias.com\/wp-content\/uploads\/2024\/03\/FestivalOlavarria24Olavarria-55.jpg?w=1024&amp;ssl=1 1024w, https:\/\/i0.wp.com\/cdnoticias.com\/wp-content\/uploads\/2024\/03\/FestivalOlavarria24Olavarria-55.jpg?resize=300%2C199&amp;ssl=1 300w, https:\/\/i0.wp.com\/cdnoticias.com\/wp-content\/uploads\/2024\/03\/FestivalOlavarria24Olavarria-55.jpg?resize=768%2C510&amp;ssl=1 768w, https:\/\/i0.wp.com\/cdnoticias.com\/wp-content\/uploads\/2024\/03\/FestivalOlavarria24Olavarria-55.jpg?resize=272%2C182&amp;ssl=1 272w\" sizes=\"auto, (max-width: 800px) 100vw, 800px\" \/><\/figure>\n\n\n\n<p>Todo esto, ante un gran marco de p\u00fablico que con el correr de los minutos se acerc\u00f3 a la zona de plateas. Hasta por calle Ituzaing\u00f3 la gente se apost\u00f3 para no perderse detalles del show del Chaque\u00f1o Palavecino.<\/p>\n\n\n\n<figure class=\"wp-block-image size-full\"><img data-recalc-dims=\"1\" loading=\"lazy\" decoding=\"async\" width=\"800\" height=\"531\" src=\"https:\/\/i0.wp.com\/cdnoticias.com\/wp-content\/uploads\/2024\/03\/FestivalOlavarria24Olavarria-66.jpg?resize=800%2C531&#038;ssl=1\" alt=\"\" class=\"wp-image-111200\" srcset=\"https:\/\/i0.wp.com\/cdnoticias.com\/wp-content\/uploads\/2024\/03\/FestivalOlavarria24Olavarria-66.jpg?w=1024&amp;ssl=1 1024w, https:\/\/i0.wp.com\/cdnoticias.com\/wp-content\/uploads\/2024\/03\/FestivalOlavarria24Olavarria-66.jpg?resize=300%2C199&amp;ssl=1 300w, https:\/\/i0.wp.com\/cdnoticias.com\/wp-content\/uploads\/2024\/03\/FestivalOlavarria24Olavarria-66.jpg?resize=768%2C510&amp;ssl=1 768w, https:\/\/i0.wp.com\/cdnoticias.com\/wp-content\/uploads\/2024\/03\/FestivalOlavarria24Olavarria-66.jpg?resize=272%2C182&amp;ssl=1 272w\" sizes=\"auto, (max-width: 800px) 100vw, 800px\" \/><\/figure>\n\n\n\n<p><strong>Un Chaque\u00f1o que ingres\u00f3 pasadas las 21:00 y por m\u00e1s de una hora y media (y pr\u00e1cticamente la totalidad de su show) lo hizo con una tenue llovizna.<\/strong> \u201cEs un poco de agua, no pasa nada, no se van a ir ahora\u201d dijo el cantautor que repas\u00f3 su carrera discogr\u00e1fica con sus cl\u00e1sicas chacareras hasta llegar al punto culmine de <strong>\u201cAmor Salvaje\u201d con una lluvia que ya se intensificaba.<\/strong><\/p>\n\n\n\n<figure class=\"wp-block-image size-full\"><img data-recalc-dims=\"1\" loading=\"lazy\" decoding=\"async\" width=\"800\" height=\"531\" src=\"https:\/\/i0.wp.com\/cdnoticias.com\/wp-content\/uploads\/2024\/03\/FestivalOlavarria24Olavarria-87.jpg?resize=800%2C531&#038;ssl=1\" alt=\"\" class=\"wp-image-111221\" srcset=\"https:\/\/i0.wp.com\/cdnoticias.com\/wp-content\/uploads\/2024\/03\/FestivalOlavarria24Olavarria-87.jpg?w=1024&amp;ssl=1 1024w, https:\/\/i0.wp.com\/cdnoticias.com\/wp-content\/uploads\/2024\/03\/FestivalOlavarria24Olavarria-87.jpg?resize=300%2C199&amp;ssl=1 300w, https:\/\/i0.wp.com\/cdnoticias.com\/wp-content\/uploads\/2024\/03\/FestivalOlavarria24Olavarria-87.jpg?resize=768%2C510&amp;ssl=1 768w, https:\/\/i0.wp.com\/cdnoticias.com\/wp-content\/uploads\/2024\/03\/FestivalOlavarria24Olavarria-87.jpg?resize=272%2C182&amp;ssl=1 272w\" sizes=\"auto, (max-width: 800px) 100vw, 800px\" \/><\/figure>\n\n\n\n<p>A todos los artistas se les entreg\u00f3 una placa por haber participado de la 20\u00b0 edici\u00f3n, y con algunas particulares: <strong>Palavecino particip\u00f3 de la primera edici\u00f3n, 20 a\u00f1os atr\u00e1s, y cerraba en 2024 con una carrera que lo consagr\u00f3 como uno de los grandes artistas del folclore argentino.<\/strong><\/p>\n\n\n\n<figure class=\"wp-block-image size-full\"><img data-recalc-dims=\"1\" loading=\"lazy\" decoding=\"async\" width=\"800\" height=\"531\" src=\"https:\/\/i0.wp.com\/cdnoticias.com\/wp-content\/uploads\/2024\/03\/FestivalOlavarria24Olavarria-80.jpg?resize=800%2C531&#038;ssl=1\" alt=\"\" class=\"wp-image-111214\" srcset=\"https:\/\/i0.wp.com\/cdnoticias.com\/wp-content\/uploads\/2024\/03\/FestivalOlavarria24Olavarria-80.jpg?w=1024&amp;ssl=1 1024w, https:\/\/i0.wp.com\/cdnoticias.com\/wp-content\/uploads\/2024\/03\/FestivalOlavarria24Olavarria-80.jpg?resize=300%2C199&amp;ssl=1 300w, https:\/\/i0.wp.com\/cdnoticias.com\/wp-content\/uploads\/2024\/03\/FestivalOlavarria24Olavarria-80.jpg?resize=768%2C510&amp;ssl=1 768w, https:\/\/i0.wp.com\/cdnoticias.com\/wp-content\/uploads\/2024\/03\/FestivalOlavarria24Olavarria-80.jpg?resize=272%2C182&amp;ssl=1 272w\" sizes=\"auto, (max-width: 800px) 100vw, 800px\" \/><\/figure>\n\n\n\n<p>Tras su cierre \u2013y el pedido al intendente Wesner de sostener este tipo de festivales, que sostienen la tradici\u00f3n argentina-<strong> el Chaque\u00f1o Palavecino se fue con una ovaci\u00f3n entre paraguas, pilotos y gente que la lluvia le potenci\u00f3 la alegr\u00eda de poder disfrutar de uno de sus artistas favoritos.<\/strong><\/p>\n\n\n\n<figure class=\"wp-block-image size-full is-resized\"><img data-recalc-dims=\"1\" loading=\"lazy\" decoding=\"async\" width=\"800\" height=\"531\" src=\"https:\/\/i0.wp.com\/cdnoticias.com\/wp-content\/uploads\/2024\/03\/FestivalOlavarria24Olavarria-93.jpg?resize=800%2C531&#038;ssl=1\" alt=\"\" class=\"wp-image-111227\" style=\"width:1022px;height:auto\" srcset=\"https:\/\/i0.wp.com\/cdnoticias.com\/wp-content\/uploads\/2024\/03\/FestivalOlavarria24Olavarria-93.jpg?w=1024&amp;ssl=1 1024w, https:\/\/i0.wp.com\/cdnoticias.com\/wp-content\/uploads\/2024\/03\/FestivalOlavarria24Olavarria-93.jpg?resize=300%2C199&amp;ssl=1 300w, https:\/\/i0.wp.com\/cdnoticias.com\/wp-content\/uploads\/2024\/03\/FestivalOlavarria24Olavarria-93.jpg?resize=768%2C510&amp;ssl=1 768w, https:\/\/i0.wp.com\/cdnoticias.com\/wp-content\/uploads\/2024\/03\/FestivalOlavarria24Olavarria-93.jpg?resize=272%2C182&amp;ssl=1 272w\" sizes=\"auto, (max-width: 800px) 100vw, 800px\" \/><\/figure>\n\n\n\n<figure class=\"wp-block-image size-full\"><img data-recalc-dims=\"1\" loading=\"lazy\" decoding=\"async\" width=\"800\" height=\"531\" src=\"https:\/\/i0.wp.com\/cdnoticias.com\/wp-content\/uploads\/2024\/03\/FestivalOlavarria24Olavarria-76.jpg?resize=800%2C531&#038;ssl=1\" alt=\"\" class=\"wp-image-111210\" srcset=\"https:\/\/i0.wp.com\/cdnoticias.com\/wp-content\/uploads\/2024\/03\/FestivalOlavarria24Olavarria-76.jpg?w=1024&amp;ssl=1 1024w, https:\/\/i0.wp.com\/cdnoticias.com\/wp-content\/uploads\/2024\/03\/FestivalOlavarria24Olavarria-76.jpg?resize=300%2C199&amp;ssl=1 300w, https:\/\/i0.wp.com\/cdnoticias.com\/wp-content\/uploads\/2024\/03\/FestivalOlavarria24Olavarria-76.jpg?resize=768%2C510&amp;ssl=1 768w, https:\/\/i0.wp.com\/cdnoticias.com\/wp-content\/uploads\/2024\/03\/FestivalOlavarria24Olavarria-76.jpg?resize=272%2C182&amp;ssl=1 272w\" sizes=\"auto, (max-width: 800px) 100vw, 800px\" \/><\/figure>\n\n\n\n<p>Mientras la lluvia aguant\u00f3, <strong>otros artistas pasaron por el escenario mayor del Festival, mientras que todo se fue trasladando, de a poco, a los galpones de las pe\u00f1as para cerrar un evento de forma impecable, esquivando las inclemencias climatol\u00f3gicas pero con una gran respuesta de los olavarrienses y gente de toda la provincia y el pa\u00eds.<\/strong><\/p>\n","protected":false},"excerpt":{"rendered":"<p>Con un cambio en la agenda por el alerta amarilla por tormentas, el Chaque\u00f1o Palavecino brill\u00f3 en el escenario Horacio<\/p>\n","protected":false},"author":2,"featured_media":111215,"comment_status":"closed","ping_status":"closed","sticky":false,"template":"","format":"standard","meta":{"_jetpack_memberships_contains_paid_content":false,"footnotes":""},"categories":[9,1],"tags":[],"class_list":["post-111134","post","type-post","status-publish","format-standard","has-post-thumbnail","hentry","category-cultura","category-portada"],"jetpack_featured_media_url":"https:\/\/i0.wp.com\/cdnoticias.com\/wp-content\/uploads\/2024\/03\/FestivalOlavarria24Olavarria-81.jpg?fit=1024%2C680&ssl=1","jetpack_sharing_enabled":true,"_links":{"self":[{"href":"https:\/\/cdnoticias.com\/index.php\/wp-json\/wp\/v2\/posts\/111134","targetHints":{"allow":["GET"]}}],"collection":[{"href":"https:\/\/cdnoticias.com\/index.php\/wp-json\/wp\/v2\/posts"}],"about":[{"href":"https:\/\/cdnoticias.com\/index.php\/wp-json\/wp\/v2\/types\/post"}],"author":[{"embeddable":true,"href":"https:\/\/cdnoticias.com\/index.php\/wp-json\/wp\/v2\/users\/2"}],"replies":[{"embeddable":true,"href":"https:\/\/cdnoticias.com\/index.php\/wp-json\/wp\/v2\/comments?post=111134"}],"version-history":[{"count":0,"href":"https:\/\/cdnoticias.com\/index.php\/wp-json\/wp\/v2\/posts\/111134\/revisions"}],"wp:featuredmedia":[{"embeddable":true,"href":"https:\/\/cdnoticias.com\/index.php\/wp-json\/wp\/v2\/media\/111215"}],"wp:attachment":[{"href":"https:\/\/cdnoticias.com\/index.php\/wp-json\/wp\/v2\/media?parent=111134"}],"wp:term":[{"taxonomy":"category","embeddable":true,"href":"https:\/\/cdnoticias.com\/index.php\/wp-json\/wp\/v2\/categories?post=111134"},{"taxonomy":"post_tag","embeddable":true,"href":"https:\/\/cdnoticias.com\/index.php\/wp-json\/wp\/v2\/tags?post=111134"}],"curies":[{"name":"wp","href":"https:\/\/api.w.org\/{rel}","templated":true}]}}