{"id":111112,"date":"2024-03-10T16:44:45","date_gmt":"2024-03-10T19:44:45","guid":{"rendered":"https:\/\/cdnoticias.com\/?p=111112"},"modified":"2024-03-10T16:45:21","modified_gmt":"2024-03-10T19:45:21","slug":"susana-beatriz-genco-de-zubeldia-q-e-p-d","status":"publish","type":"post","link":"https:\/\/cdnoticias.com\/index.php\/2024\/03\/10\/susana-beatriz-genco-de-zubeldia-q-e-p-d\/","title":{"rendered":"Susana Beatriz Genco de Zubeldia (Q.E.P.D.)"},"content":{"rendered":"\n<p>Falleci\u00f3 en Lomas de Zamora el 10 de marzo de 2024 a los 62 a\u00f1os. <\/p>\n\n\n\n<p>Su esposo Oscar Zubeldia. Su hija Mercedes Zubeldia. Su hijo en el afecto Emilio Zubeldia. Sus hermanos Ana y Mauricio Genco. Sus hermanos pol\u00edticos Bebe y Chicha Zubeldia; Jos\u00e9 Buiese, Fabian Buche y Silvia Pintos. Sus sobrinos Mat\u00edas Zubeldia, Paola Reynoso; Sebasti\u00e1n, Nerina y Francisco Buch\u00e9; Oriana y Aldana Buiese; Fabricio Genco y dem\u00e1s deudos participan su fallecimiento.<\/p>\n\n\n\n<p>Velatorio: Espa\u00f1a 2942 departamento &#8220;C&#8221; 10 de marzo de 2024 de 17:00 a 22:30. Reabre el lunes 11 a las 07:00. Responso: Capilla ardiente. Inhumaci\u00f3n: Cementerio Loma de Paz, lunes 11 a las 10:30. Servicio adherido a Coopelectric.<\/p>\n\n\n\n<p>Barrio en el que viv\u00eda: Obrero<\/p>\n\n\n\n<p>Lugar de nacimiento: Olavarr\u00eda<\/p>\n\n\n\n<p>Actividad que desarrollaba: Jubilada Empleada de Comercio.<\/p>\n","protected":false},"excerpt":{"rendered":"<p>Falleci\u00f3 en Lomas de Zamora el 10 de marzo de 2024 a los 62 a\u00f1os. Su esposo Oscar Zubeldia. Su<\/p>\n","protected":false},"author":6,"featured_media":100390,"comment_status":"closed","ping_status":"closed","sticky":false,"template":"","format":"standard","meta":{"_jetpack_memberships_contains_paid_content":false,"footnotes":""},"categories":[10],"tags":[],"class_list":["post-111112","post","type-post","status-publish","format-standard","has-post-thumbnail","hentry","category-necrologicas"],"jetpack_featured_media_url":"https:\/\/i0.wp.com\/cdnoticias.com\/wp-content\/uploads\/2023\/10\/necrologicas-390-x-240.jpg?fit=390%2C240&ssl=1","jetpack_sharing_enabled":true,"_links":{"self":[{"href":"https:\/\/cdnoticias.com\/index.php\/wp-json\/wp\/v2\/posts\/111112","targetHints":{"allow":["GET"]}}],"collection":[{"href":"https:\/\/cdnoticias.com\/index.php\/wp-json\/wp\/v2\/posts"}],"about":[{"href":"https:\/\/cdnoticias.com\/index.php\/wp-json\/wp\/v2\/types\/post"}],"author":[{"embeddable":true,"href":"https:\/\/cdnoticias.com\/index.php\/wp-json\/wp\/v2\/users\/6"}],"replies":[{"embeddable":true,"href":"https:\/\/cdnoticias.com\/index.php\/wp-json\/wp\/v2\/comments?post=111112"}],"version-history":[{"count":0,"href":"https:\/\/cdnoticias.com\/index.php\/wp-json\/wp\/v2\/posts\/111112\/revisions"}],"wp:featuredmedia":[{"embeddable":true,"href":"https:\/\/cdnoticias.com\/index.php\/wp-json\/wp\/v2\/media\/100390"}],"wp:attachment":[{"href":"https:\/\/cdnoticias.com\/index.php\/wp-json\/wp\/v2\/media?parent=111112"}],"wp:term":[{"taxonomy":"category","embeddable":true,"href":"https:\/\/cdnoticias.com\/index.php\/wp-json\/wp\/v2\/categories?post=111112"},{"taxonomy":"post_tag","embeddable":true,"href":"https:\/\/cdnoticias.com\/index.php\/wp-json\/wp\/v2\/tags?post=111112"}],"curies":[{"name":"wp","href":"https:\/\/api.w.org\/{rel}","templated":true}]}}