{"id":111103,"date":"2024-03-10T19:00:09","date_gmt":"2024-03-10T22:00:09","guid":{"rendered":"https:\/\/cdnoticias.com\/?p=111103"},"modified":"2024-03-10T19:00:11","modified_gmt":"2024-03-10T22:00:11","slug":"lucas-moyano-expuso-en-el-foro-regional-de-fiscales-especializados-en-cibercrimen","status":"publish","type":"post","link":"https:\/\/cdnoticias.com\/index.php\/2024\/03\/10\/lucas-moyano-expuso-en-el-foro-regional-de-fiscales-especializados-en-cibercrimen\/","title":{"rendered":"Lucas Moyano expuso en el Foro Regional de Fiscales especializados en Cibercrimen"},"content":{"rendered":"<p>El encuentro en Uruguay profundiz\u00f3 en el tratamiento de la Ciberdelincuencia y la Cooperaci\u00f3n Internacional. Hubo cinco representantes de Argentina, entre ellos el olavarriense.<\/p>\n<p><!--more--><\/p>\n<hr \/>\n<p>Los<strong> d\u00edas 5 y 6 de marzo, en el Hotel Dazzler de Montevideo, Uruguay<\/strong>, se llev\u00f3 a cabo el<strong> &#8220;Foro Regional de Fiscales Especializados en Investigaciones en el Ciberespacio&#8221;<\/strong>, organizado por <em>&#8220;The Global Programme on Cybercrime&#8221; de la &#8220;Oficina de las Naciones Unidas contra la Droga y el Delito&#8221; &#8211; UNODC.<\/em><\/p>\n<p>El evento reuni\u00f3 a<strong> fiscales de Uruguay, Argentina, Paraguay, Chile, Per\u00fa, Brasil y Rep\u00fablica Dominicana<\/strong> con el prop\u00f3sito de reflexionar sobre los <strong>desaf\u00edos que enfrentan los fiscales especializados en delitos que involucran evidencia digital a nivel latinoamericano<\/strong>. Adem\u00e1s, se establecieron los lazos para fortalecer los v\u00ednculos de cooperaci\u00f3n regional y profundizar en la implementaci\u00f3n de t\u00e9cnicas de investigaci\u00f3n innovadoras en el ciberespacio.<\/p>\n<p>Entre los temas abordados se incluyeron la <strong>ciberdelincuencia y ciberfraudes<\/strong>, el tratamiento de la<strong> evidencia digital<\/strong>, el <strong>agente encubierto digital\/inform\u00e1tico<\/strong>, la <strong>cooperaci\u00f3n internacional, herramientas tecnol\u00f3gicas, narcotr\u00e1fico y criptomonedas<\/strong>, entre otros.<\/p>\n<blockquote><p>Uno de los cinco representantes de Argentina en este foro fue el fiscal de Olavarr\u00eda y Azul, el Dr. Lucas Moyano, quien ha demostrado una destacada trayectoria en la investigaci\u00f3n de ciberdelincuencia y tecnolog\u00edas aplicadas a la investigaci\u00f3n.<\/p><\/blockquote>\n<p>Moyano, es <em>graduado de la Universidad Austral en Argentina y la Universidad Abat Oliba CEU en Barcelona, Espa\u00f1a, se encuentra en proceso de especializaci\u00f3n en Cibercrimen y Evidencia Digital en la Facultad de Derecho de Buenos Aires<\/em>, profundizando a\u00fan m\u00e1s sus conocimientos en el \u00e1rea. Adem\u00e1s, es miembro activo de la Asociaci\u00f3n Argentina de Lucha contra el Cibercrimen, as\u00ed como de Capa 8 y OCEDIC.<\/p>\n<p>Su participaci\u00f3n en este foro regional no solo demuestra su <strong>compromiso con la lucha contra el cibercrimen<\/strong>, sino que tambi\u00e9n subraya la importancia de Argentina en la cooperaci\u00f3n internacional para abordar esta clase de desaf\u00edos.<\/p>\n<p>El aporte de Moyano y de los dem\u00e1s fiscales participantes en este foro contribuir\u00e1 a <strong>fortalecer la respuesta regional ante los delitos cibern\u00e9ticos<\/strong> y a promover un entorno m\u00e1s seguro en el espacio digital.<\/p>\n<p>Fuente: <em>Noticias de Azul<\/em><\/p>\n","protected":false},"excerpt":{"rendered":"<p>El encuentro en Uruguay profundiz\u00f3 en el tratamiento de la Ciberdelincuencia y la Cooperaci\u00f3n Internacional. Hubo cinco representantes de Argentina,<\/p>\n","protected":false},"author":4,"featured_media":111104,"comment_status":"closed","ping_status":"closed","sticky":false,"template":"","format":"standard","meta":{"_jetpack_memberships_contains_paid_content":false,"footnotes":""},"categories":[14,1],"tags":[],"class_list":["post-111103","post","type-post","status-publish","format-standard","has-post-thumbnail","hentry","category-policiales","category-portada"],"jetpack_featured_media_url":"https:\/\/i0.wp.com\/cdnoticias.com\/wp-content\/uploads\/2024\/03\/lucas-moyano-00.jpg?fit=800%2C445&ssl=1","jetpack_sharing_enabled":true,"_links":{"self":[{"href":"https:\/\/cdnoticias.com\/index.php\/wp-json\/wp\/v2\/posts\/111103","targetHints":{"allow":["GET"]}}],"collection":[{"href":"https:\/\/cdnoticias.com\/index.php\/wp-json\/wp\/v2\/posts"}],"about":[{"href":"https:\/\/cdnoticias.com\/index.php\/wp-json\/wp\/v2\/types\/post"}],"author":[{"embeddable":true,"href":"https:\/\/cdnoticias.com\/index.php\/wp-json\/wp\/v2\/users\/4"}],"replies":[{"embeddable":true,"href":"https:\/\/cdnoticias.com\/index.php\/wp-json\/wp\/v2\/comments?post=111103"}],"version-history":[{"count":0,"href":"https:\/\/cdnoticias.com\/index.php\/wp-json\/wp\/v2\/posts\/111103\/revisions"}],"wp:featuredmedia":[{"embeddable":true,"href":"https:\/\/cdnoticias.com\/index.php\/wp-json\/wp\/v2\/media\/111104"}],"wp:attachment":[{"href":"https:\/\/cdnoticias.com\/index.php\/wp-json\/wp\/v2\/media?parent=111103"}],"wp:term":[{"taxonomy":"category","embeddable":true,"href":"https:\/\/cdnoticias.com\/index.php\/wp-json\/wp\/v2\/categories?post=111103"},{"taxonomy":"post_tag","embeddable":true,"href":"https:\/\/cdnoticias.com\/index.php\/wp-json\/wp\/v2\/tags?post=111103"}],"curies":[{"name":"wp","href":"https:\/\/api.w.org\/{rel}","templated":true}]}}