{"id":111042,"date":"2024-03-10T13:29:31","date_gmt":"2024-03-10T16:29:31","guid":{"rendered":"https:\/\/cdnoticias.com\/?p=111042"},"modified":"2024-03-10T20:00:40","modified_gmt":"2024-03-10T23:00:40","slug":"alerta-por-tormenta-para-olavarria-este-domingo-2","status":"publish","type":"post","link":"https:\/\/cdnoticias.com\/index.php\/2024\/03\/10\/alerta-por-tormenta-para-olavarria-este-domingo-2\/","title":{"rendered":"Alerta por tormenta para Olavarr\u00eda este domingo"},"content":{"rendered":"<p>Abarca todo el oeste y sur de la provincia. El SMN pronostica viento, actividad el\u00e9ctrica y lluvia entre 40 y 60 mm. El martes, otra vez tormenta.<!--more--><\/p>\n<hr \/>\n<p>El <strong>Servicio Meteorol\u00f3gico Nacional<\/strong> emiti\u00f3<strong> alertas por tormenta en toda la provincia de Buenos Aires<\/strong> entre este domingo y el martes, con distintas zonas de cobertura.<\/p>\n<p><strong>Olavarr\u00eda<\/strong> qued\u00f3 incluida en las <strong>alertas de este domingo por la noche y del martes por la ma\u00f1ana<\/strong>. En ambos casos es de<strong> nivel amarillo<\/strong>.<\/p>\n<blockquote><p>\u201cEl \u00e1rea ser\u00e1 afectada por tormentas, algunas localmente fuertes. Las mismas podr\u00e1n estar acompa\u00f1adas por r\u00e1fagas que pueden alcanzar los 75 km\/h, importante actividad el\u00e9ctrica, ocasional ca\u00edda de granizo y principalmente abundante ca\u00edda de agua en cortos per\u00edodos. Se estiman valores de precipitaci\u00f3n acumulada entre 40 y 60 mm, pudiendo ser superados en forma puntual\u201d anunci\u00f3 el organismo nacional para este domingo.<\/p><\/blockquote>\n<blockquote class=\"twitter-tweet\">\n<p lang=\"es\" dir=\"ltr\">\u26a0 SAT | ALERTAS <a href=\"https:\/\/twitter.com\/hashtag\/SiHayAlertaEstateAlerta?src=hash&amp;ref_src=twsrc%5Etfw\">#SiHayAlertaEstateAlerta<\/a><br \/>Informaci\u00f3n actualizada el 10 de marzo de 2024 a las 06:12 h<br \/>\ud83d\udc49M\u00e1s detalles en <a href=\"https:\/\/t.co\/AgvDHAWzAt\">https:\/\/t.co\/AgvDHAWzAt<\/a> <a href=\"https:\/\/t.co\/dqGXVXxRtA\">pic.twitter.com\/dqGXVXxRtA<\/a><\/p>\n<p>&mdash; SMN Alertas (@SMN_Alertas) <a href=\"https:\/\/twitter.com\/SMN_Alertas\/status\/1766755877791437140?ref_src=twsrc%5Etfw\">March 10, 2024<\/a><\/p><\/blockquote>\n<p> <script async src=\"https:\/\/platform.twitter.com\/widgets.js\" charset=\"utf-8\"><\/script><\/p>\n<p>El <em>oeste y el sur bonaerense est\u00e1n comprendidos en la advertencia para este domingo<\/em>. Para Florentino Ameghino, General Villegas y Rivadavia el alerta est\u00e1 vigente desde esta mana\u00f1a de domingo. En cambio, para el resto del oeste, centro y sur bonaerense rige a partir de la noche.<\/p>\n<p>Para ma\u00f1ana lunes, se invierte el mapa; la tormenta se desplaza hacia la Costa. Para la madrugada y ma\u00f1ana del lunes, el SMN advierte sobre tormentas en el norte, este y centro de la provincia.<\/p>\n<p>Y <strong>el martes<\/strong> tambi\u00e9n incluye<strong> alerta amarilla por tormenta<\/strong>s.<\/p>\n<p>El <strong>nivel amarillo<\/strong> da cuenta de <strong>posibles fen\u00f3menos meteorol\u00f3gicos con capacidad de da\u00f1o y riesgo de interrupci\u00f3n moment\u00e1nea de actividades cotidianas<\/strong>, consigna el SMN.<\/p>\n","protected":false},"excerpt":{"rendered":"<p>Abarca todo el oeste y sur de la provincia. El SMN pronostica viento, actividad el\u00e9ctrica y lluvia entre 40 y<\/p>\n","protected":false},"author":4,"featured_media":61443,"comment_status":"closed","ping_status":"closed","sticky":false,"template":"","format":"standard","meta":{"_jetpack_memberships_contains_paid_content":false,"footnotes":""},"categories":[5,1],"tags":[],"class_list":["post-111042","post","type-post","status-publish","format-standard","has-post-thumbnail","hentry","category-informacion-general","category-portada"],"jetpack_featured_media_url":"https:\/\/i0.wp.com\/cdnoticias.com\/wp-content\/uploads\/2022\/08\/lluvia-tormenta-clima-00.jpg?fit=800%2C445&ssl=1","jetpack_sharing_enabled":true,"_links":{"self":[{"href":"https:\/\/cdnoticias.com\/index.php\/wp-json\/wp\/v2\/posts\/111042","targetHints":{"allow":["GET"]}}],"collection":[{"href":"https:\/\/cdnoticias.com\/index.php\/wp-json\/wp\/v2\/posts"}],"about":[{"href":"https:\/\/cdnoticias.com\/index.php\/wp-json\/wp\/v2\/types\/post"}],"author":[{"embeddable":true,"href":"https:\/\/cdnoticias.com\/index.php\/wp-json\/wp\/v2\/users\/4"}],"replies":[{"embeddable":true,"href":"https:\/\/cdnoticias.com\/index.php\/wp-json\/wp\/v2\/comments?post=111042"}],"version-history":[{"count":0,"href":"https:\/\/cdnoticias.com\/index.php\/wp-json\/wp\/v2\/posts\/111042\/revisions"}],"wp:featuredmedia":[{"embeddable":true,"href":"https:\/\/cdnoticias.com\/index.php\/wp-json\/wp\/v2\/media\/61443"}],"wp:attachment":[{"href":"https:\/\/cdnoticias.com\/index.php\/wp-json\/wp\/v2\/media?parent=111042"}],"wp:term":[{"taxonomy":"category","embeddable":true,"href":"https:\/\/cdnoticias.com\/index.php\/wp-json\/wp\/v2\/categories?post=111042"},{"taxonomy":"post_tag","embeddable":true,"href":"https:\/\/cdnoticias.com\/index.php\/wp-json\/wp\/v2\/tags?post=111042"}],"curies":[{"name":"wp","href":"https:\/\/api.w.org\/{rel}","templated":true}]}}