{"id":111019,"date":"2024-03-09T19:43:24","date_gmt":"2024-03-09T22:43:24","guid":{"rendered":"https:\/\/cdnoticias.com\/?p=111019"},"modified":"2024-03-10T13:30:48","modified_gmt":"2024-03-10T16:30:48","slug":"forzaron-la-ventana-de-un-kiosco-y-los-atraparon-en-pleno-robo","status":"publish","type":"post","link":"https:\/\/cdnoticias.com\/index.php\/2024\/03\/09\/forzaron-la-ventana-de-un-kiosco-y-los-atraparon-en-pleno-robo\/","title":{"rendered":"Forzaron la ventana de un kiosco y los atraparon en pleno robo"},"content":{"rendered":"<p>Los aprehendidos tienen 20 y 25 a\u00f1os. Fue este s\u00e1bado en Bol\u00edvar y Ayacucho.<!--more--><\/p>\n<hr \/>\n<p><strong>Dos j\u00f3venes terminaron aprehendidos<\/strong> este s\u00e1bado tras ser<strong> encontrados dentro de un comercio<\/strong>, al que hab\u00edan accedido tras forzar una ventana.<\/p>\n<p>Seg\u00fan se inform\u00f3, los efectivos del<strong> Comando de Patrullas<\/strong> llegaron al <strong>kiosco \u201cAtlas\u201d, de Bol\u00edvar y Ayacucho<\/strong>, tras un llamado al 911.<\/p>\n<blockquote><p>All\u00ed dieron con los ladrones que estaban dentro del comercio y buscaban robar mercader\u00eda.<\/p><\/blockquote>\n<p><img data-recalc-dims=\"1\" loading=\"lazy\" decoding=\"async\" class=\"size-full wp-image-111021 aligncenter\" src=\"https:\/\/i0.wp.com\/cdnoticias.com\/wp-content\/uploads\/2024\/03\/bolivar-y-ayacucho-robo-01.jpg?resize=800%2C445&#038;ssl=1\" alt=\"\" width=\"800\" height=\"445\" srcset=\"https:\/\/i0.wp.com\/cdnoticias.com\/wp-content\/uploads\/2024\/03\/bolivar-y-ayacucho-robo-01.jpg?w=800&amp;ssl=1 800w, https:\/\/i0.wp.com\/cdnoticias.com\/wp-content\/uploads\/2024\/03\/bolivar-y-ayacucho-robo-01.jpg?resize=300%2C167&amp;ssl=1 300w, https:\/\/i0.wp.com\/cdnoticias.com\/wp-content\/uploads\/2024\/03\/bolivar-y-ayacucho-robo-01.jpg?resize=768%2C427&amp;ssl=1 768w\" sizes=\"auto, (max-width: 800px) 100vw, 800px\" \/><\/p>\n<p>Fueron <strong>aprehendidos y trasladados a la Comisar\u00eda Primera<\/strong> donde quedaron imputados por <strong>\u201crobo en grado de tentativa infraganti delito\u201d<\/strong>. Se dio intervenci\u00f3n a la <strong>UFI N\u00ba 10<\/strong> a cargo del ayudante fiscal Jos\u00e9 Iturralde.<\/p>\n<p>Los acusados <strong>hab\u00edan forzado la reja de la ventana lateral de comercio<\/strong>, que da sobre calle Bol\u00edvar, para poder ingresar.<\/p>\n<p><img data-recalc-dims=\"1\" loading=\"lazy\" decoding=\"async\" class=\"size-full wp-image-111022 aligncenter\" src=\"https:\/\/i0.wp.com\/cdnoticias.com\/wp-content\/uploads\/2024\/03\/bolivar-y-ayacucho-robo-02.jpg?resize=450%2C598&#038;ssl=1\" alt=\"\" width=\"450\" height=\"598\" srcset=\"https:\/\/i0.wp.com\/cdnoticias.com\/wp-content\/uploads\/2024\/03\/bolivar-y-ayacucho-robo-02.jpg?w=450&amp;ssl=1 450w, https:\/\/i0.wp.com\/cdnoticias.com\/wp-content\/uploads\/2024\/03\/bolivar-y-ayacucho-robo-02.jpg?resize=226%2C300&amp;ssl=1 226w\" sizes=\"auto, (max-width: 450px) 100vw, 450px\" \/><\/p>\n","protected":false},"excerpt":{"rendered":"<p>Los aprehendidos tienen 20 y 25 a\u00f1os. Fue este s\u00e1bado en Bol\u00edvar y Ayacucho.<\/p>\n","protected":false},"author":4,"featured_media":111020,"comment_status":"closed","ping_status":"closed","sticky":false,"template":"","format":"standard","meta":{"_jetpack_memberships_contains_paid_content":false,"footnotes":""},"categories":[14,1],"tags":[],"class_list":["post-111019","post","type-post","status-publish","format-standard","has-post-thumbnail","hentry","category-policiales","category-portada"],"jetpack_featured_media_url":"https:\/\/i0.wp.com\/cdnoticias.com\/wp-content\/uploads\/2024\/03\/bolivar-y-ayacucho-robo-00.jpg?fit=800%2C445&ssl=1","jetpack_sharing_enabled":true,"_links":{"self":[{"href":"https:\/\/cdnoticias.com\/index.php\/wp-json\/wp\/v2\/posts\/111019","targetHints":{"allow":["GET"]}}],"collection":[{"href":"https:\/\/cdnoticias.com\/index.php\/wp-json\/wp\/v2\/posts"}],"about":[{"href":"https:\/\/cdnoticias.com\/index.php\/wp-json\/wp\/v2\/types\/post"}],"author":[{"embeddable":true,"href":"https:\/\/cdnoticias.com\/index.php\/wp-json\/wp\/v2\/users\/4"}],"replies":[{"embeddable":true,"href":"https:\/\/cdnoticias.com\/index.php\/wp-json\/wp\/v2\/comments?post=111019"}],"version-history":[{"count":0,"href":"https:\/\/cdnoticias.com\/index.php\/wp-json\/wp\/v2\/posts\/111019\/revisions"}],"wp:featuredmedia":[{"embeddable":true,"href":"https:\/\/cdnoticias.com\/index.php\/wp-json\/wp\/v2\/media\/111020"}],"wp:attachment":[{"href":"https:\/\/cdnoticias.com\/index.php\/wp-json\/wp\/v2\/media?parent=111019"}],"wp:term":[{"taxonomy":"category","embeddable":true,"href":"https:\/\/cdnoticias.com\/index.php\/wp-json\/wp\/v2\/categories?post=111019"},{"taxonomy":"post_tag","embeddable":true,"href":"https:\/\/cdnoticias.com\/index.php\/wp-json\/wp\/v2\/tags?post=111019"}],"curies":[{"name":"wp","href":"https:\/\/api.w.org\/{rel}","templated":true}]}}