{"id":11083,"date":"2021-01-10T18:59:00","date_gmt":"2021-01-10T21:59:00","guid":{"rendered":"http:\/\/www.centraldenoticias.com.ar\/?p=11083"},"modified":"2021-01-10T18:59:00","modified_gmt":"2021-01-10T21:59:00","slug":"de-a-poco-retoman-las-actividades-los-espacios-culturales-municipales","status":"publish","type":"post","link":"https:\/\/cdnoticias.com\/index.php\/2021\/01\/10\/de-a-poco-retoman-las-actividades-los-espacios-culturales-municipales\/","title":{"rendered":"De a poco, retoman las actividades los espacios culturales municipales"},"content":{"rendered":"<p>Distintos museos abrir\u00e1n sus puertas con los protocolos correspondientes.\u00a0Habr\u00e1 m\u00fasica, teatro, visitas guiadas, talleres y muestras.<\/p>\n<p><!--more--><\/p>\n<hr \/>\n<p>Con la mirada puesta en poder comenzar, de a poco, a retomar las actividades en los espacios culturales municipales, es que desde la Subsecretar\u00eda de Cultura y Educaci\u00f3n se dieron a conocer <strong>una serie de propuestas que conforman una Agenda Cultural para este verano 2021.<\/strong><\/p>\n<p>&nbsp;<\/p>\n<p>Tal como lo explic\u00f3 la<strong> subsecretaria de Cultura y Educaci\u00f3n, Agustina Marino<\/strong> <em>\u201cdentro del contexto que estamos transitando, y del a\u00f1o que nos toc\u00f3 atravesar confiamos en poder<strong> ir activando el sector cultural de a poco, con todos los cuidados necesarios para el p\u00fablico y quienes trabajan en las instituciones<\/strong>\u201d.<\/em><\/p>\n<p>&nbsp;<\/p>\n<p><em>\u201cEn una primera etapa, y para poder abrir una agenda cultural durante el verano es que el <strong>Museo D\u00e1maso Arce, Museo de las Ciencias, Museo Emiliozzi y el Centro Cultural San Jos\u00e9<\/strong> abrir\u00e1n, con los protocolos correspondientes, y con una programaci\u00f3n que tiene la intenci\u00f3n de brindar a la gente propuestas y a los artistas retomar estos espacios, que ya de por s\u00ed son suyos, en relaci\u00f3n al v\u00ednculo del arte con la comunidad\u201d<\/em>, remarc\u00f3 Marino.<\/p>\n<p>&nbsp;<\/p>\n<blockquote><p>Si bien la idea es seguir brindando tambi\u00e9n propuestas de forma virtual, se busca que de a poco el p\u00fablico vuelva a los espacios y pueda disfrutar nuevamente de ellos.<\/p><\/blockquote>\n<p>&nbsp;<\/p>\n<p><em>\u00a0\u201cEs una apertura que se ir\u00e1 dando de manera paulatina e invitamos a que <strong>a trav\u00e9s de las diferentes redes puedan ir viendo la programaci\u00f3n<\/strong>, que se anoten y empezar lentamente a tener una semi presencialidad\u201d<\/em>, indic\u00f3 Agustina Marino.<\/p>\n<p>&nbsp;<\/p>\n<p>La agenda cultural comprende presentaciones de <strong>bandas de m\u00fasica, teatro, visitas guiadas, talleres y muestras.<\/strong><\/p>\n<p>&nbsp;<\/p>\n<p><strong>Agenda Cultural<\/strong><\/p>\n<p>&nbsp;<\/p>\n<p>Las propuestas se ir\u00e1n dando a conocer por las redes de cada espacio y los interesados podr\u00e1n consultar por cupos y horarios.<\/p>\n<p>&nbsp;<\/p>\n<p><strong>-Museo Municipal \u201cHnos. Emiliozzi\u201d<\/strong><\/p>\n<p>Mail: museohnosemiliozzi@olavarria.gov.ar<\/p>\n<p>Facebook: @Museomunicipalhnosemiliozzi<\/p>\n<p>IG: museohermanosemiliozzi<\/p>\n<p>Twitter: @MuseoEmiliozzi<\/p>\n<p>&nbsp;<\/p>\n<p><strong>-Centro Cultural Municipal \u201cSan Jos\u00e9\u201d<\/strong><\/p>\n<p>Mail: centrocultural.sanjose@olavarria.gov.ar<\/p>\n<p>Facebook: @CentroculturalSanJose<\/p>\n<p>IG: CentroCulturalSanJose<\/p>\n<p>&nbsp;<\/p>\n<p><strong>-Museo D\u00e1maso Arce<\/strong><\/p>\n<p>Mail: museo.damasoarce@olavarria.gov.ar<\/p>\n<p>Facebook: Museo D\u00e1maso Arce<\/p>\n<p>Instagram: @museodamasoarce<\/p>\n<p>Youtube: Museo D\u00e1maso Arce<\/p>\n","protected":false},"excerpt":{"rendered":"<p>Distintos museos abrir\u00e1n sus puertas con los protocolos correspondientes.\u00a0Habr\u00e1 m\u00fasica, teatro, visitas guiadas, talleres y muestras.<\/p>\n","protected":false},"author":5,"featured_media":0,"comment_status":"closed","ping_status":"closed","sticky":false,"template":"","format":"standard","meta":{"_jetpack_memberships_contains_paid_content":false,"footnotes":""},"categories":[9,1],"tags":[],"class_list":["post-11083","post","type-post","status-publish","format-standard","hentry","category-cultura","category-portada"],"jetpack_featured_media_url":"","jetpack_sharing_enabled":true,"_links":{"self":[{"href":"https:\/\/cdnoticias.com\/index.php\/wp-json\/wp\/v2\/posts\/11083","targetHints":{"allow":["GET"]}}],"collection":[{"href":"https:\/\/cdnoticias.com\/index.php\/wp-json\/wp\/v2\/posts"}],"about":[{"href":"https:\/\/cdnoticias.com\/index.php\/wp-json\/wp\/v2\/types\/post"}],"author":[{"embeddable":true,"href":"https:\/\/cdnoticias.com\/index.php\/wp-json\/wp\/v2\/users\/5"}],"replies":[{"embeddable":true,"href":"https:\/\/cdnoticias.com\/index.php\/wp-json\/wp\/v2\/comments?post=11083"}],"version-history":[{"count":0,"href":"https:\/\/cdnoticias.com\/index.php\/wp-json\/wp\/v2\/posts\/11083\/revisions"}],"wp:attachment":[{"href":"https:\/\/cdnoticias.com\/index.php\/wp-json\/wp\/v2\/media?parent=11083"}],"wp:term":[{"taxonomy":"category","embeddable":true,"href":"https:\/\/cdnoticias.com\/index.php\/wp-json\/wp\/v2\/categories?post=11083"},{"taxonomy":"post_tag","embeddable":true,"href":"https:\/\/cdnoticias.com\/index.php\/wp-json\/wp\/v2\/tags?post=11083"}],"curies":[{"name":"wp","href":"https:\/\/api.w.org\/{rel}","templated":true}]}}