{"id":110728,"date":"2024-03-09T09:13:52","date_gmt":"2024-03-09T12:13:52","guid":{"rendered":"https:\/\/cdnoticias.com\/?p=110728"},"modified":"2024-03-09T09:13:55","modified_gmt":"2024-03-09T12:13:55","slug":"elena-leonor-barrionuevo-bruschi-viuda-de-schamberger-nata-q-e-p-d","status":"publish","type":"post","link":"https:\/\/cdnoticias.com\/index.php\/2024\/03\/09\/elena-leonor-barrionuevo-bruschi-viuda-de-schamberger-nata-q-e-p-d\/","title":{"rendered":"Elena Leonor Barrionuevo Bruschi viuda de Schamberger \u201c\u00d1ata\u201d (Q.E.P.D.)"},"content":{"rendered":"\n<p>Falleci\u00f3 en Olavarr\u00eda el 8 de marzo de 2024 a los 91\u00a0 a\u00f1os. Sus hijas: Teresita Ivana y M\u00f3nica Patricia. Sus hijos pol\u00edticos: Juan y Javier. Sus nietos: Florencia, Facundo, Fiamma, Antonella, Renzo y Ornella. Su bisnieto: Francisco. Sus nietos pol\u00edticos y dem\u00e1s deudos participan su fallecimiento.<\/p>\n\n\n\n<p>Sin velatorio. Responso: Capilla ardiente. Inhumaci\u00f3n: Loma de Paz, s\u00e1bado 9 de marzo a las 10:30. Servicio adherido a Coopelectric.<\/p>\n\n\n\n<p>Barrio en el que viv\u00eda: Sierra Chica, ex vecina de Sierras Bayas.<\/p>\n\n\n\n<p>Lugar de nacimiento: Cachar\u00ed.<\/p>\n\n\n\n<p>Actividad que desarrollaba: Jubilada.<\/p>\n","protected":false},"excerpt":{"rendered":"<p>Falleci\u00f3 en Olavarr\u00eda el 8 de marzo de 2024 a los 91\u00a0 a\u00f1os. Sus hijas: Teresita Ivana y M\u00f3nica Patricia.<\/p>\n","protected":false},"author":6,"featured_media":100390,"comment_status":"closed","ping_status":"closed","sticky":false,"template":"","format":"standard","meta":{"_jetpack_memberships_contains_paid_content":false,"footnotes":""},"categories":[10],"tags":[],"class_list":["post-110728","post","type-post","status-publish","format-standard","has-post-thumbnail","hentry","category-necrologicas"],"jetpack_featured_media_url":"https:\/\/i0.wp.com\/cdnoticias.com\/wp-content\/uploads\/2023\/10\/necrologicas-390-x-240.jpg?fit=390%2C240&ssl=1","jetpack_sharing_enabled":true,"_links":{"self":[{"href":"https:\/\/cdnoticias.com\/index.php\/wp-json\/wp\/v2\/posts\/110728","targetHints":{"allow":["GET"]}}],"collection":[{"href":"https:\/\/cdnoticias.com\/index.php\/wp-json\/wp\/v2\/posts"}],"about":[{"href":"https:\/\/cdnoticias.com\/index.php\/wp-json\/wp\/v2\/types\/post"}],"author":[{"embeddable":true,"href":"https:\/\/cdnoticias.com\/index.php\/wp-json\/wp\/v2\/users\/6"}],"replies":[{"embeddable":true,"href":"https:\/\/cdnoticias.com\/index.php\/wp-json\/wp\/v2\/comments?post=110728"}],"version-history":[{"count":0,"href":"https:\/\/cdnoticias.com\/index.php\/wp-json\/wp\/v2\/posts\/110728\/revisions"}],"wp:featuredmedia":[{"embeddable":true,"href":"https:\/\/cdnoticias.com\/index.php\/wp-json\/wp\/v2\/media\/100390"}],"wp:attachment":[{"href":"https:\/\/cdnoticias.com\/index.php\/wp-json\/wp\/v2\/media?parent=110728"}],"wp:term":[{"taxonomy":"category","embeddable":true,"href":"https:\/\/cdnoticias.com\/index.php\/wp-json\/wp\/v2\/categories?post=110728"},{"taxonomy":"post_tag","embeddable":true,"href":"https:\/\/cdnoticias.com\/index.php\/wp-json\/wp\/v2\/tags?post=110728"}],"curies":[{"name":"wp","href":"https:\/\/api.w.org\/{rel}","templated":true}]}}